{"id":7578,"date":"2022-03-31T03:17:00","date_gmt":"2022-03-31T03:17:00","guid":{"rendered":"https:\/\/egeajans.ege.edu.tr\/?p=7578"},"modified":"2022-03-31T08:19:01","modified_gmt":"2022-03-31T08:19:01","slug":"genc-iletisimcilerden-kalabaligin-renkleri-projesi","status":"publish","type":"post","link":"https:\/\/egeajans.ege.edu.tr\/index.php\/2022\/03\/31\/genc-iletisimcilerden-kalabaligin-renkleri-projesi\/","title":{"rendered":"Gen\u00e7 \u0130leti\u015fimcilerden \u201cKalabal\u0131\u011f\u0131n Renkleri\u201d projesi"},"content":{"rendered":"<p style=\"text-align: justify;\">E\u00dc \u0130leti\u015fim Fak\u00fcltesi \u00f6\u011frencileri sosyal sorumluluk projelerine yenisini ekliyor\u2026!<\/p>\n<p style=\"text-align: justify;\"><b>Gen\u00e7 \u0130leti\u015fimcilerden \u00a0\u201cKalabal\u0131\u011f\u0131n Renkleri\u201d projesi<\/b><\/p>\n<p style=\"text-align: justify;\"><b>\u00a0<\/b>Ege \u00dcniversitesi (E\u00dc) \u0130leti\u015fim Fak\u00fcltesi Halkla \u0130li\u015fkiler ve Tan\u0131t\u0131m B\u00f6l\u00fcm\u00fc \u00f6\u011frencileri yeni bir sosyal sorumluluk projesi daha geli\u015ftiriyor. Gen\u00e7 ileti\u015fimciler, \u201cKalabal\u0131\u011f\u0131n Renkleri\u201d projesi ile hedef kitlelerinin kal\u0131pla\u015fm\u0131\u015f alg\u0131lar\u0131n\u0131 de\u011fi\u015ftirerek, empati yeteneklerini g\u00fc\u00e7lendirmeyi ve kal\u0131c\u0131 bir bilin\u00e7 olu\u015fturmay\u0131 hedefliyor.<\/p>\n<p style=\"text-align: justify;\">E\u00dc \u0130leti\u015fim Fak\u00fcltesi Halkla \u0130li\u015fkiler ve Tan\u0131t\u0131m B\u00f6l\u00fcm\u00fc \u00d6\u011fretim \u00dcyesi Do\u00e7. Dr. Hidaye Aydan Bilgilier y\u00fcr\u00fct\u00fcc\u00fcl\u00fc\u011f\u00fcnde haz\u0131rlanan projenin ekibi, Halkla \u0130li\u015fkiler ve Tan\u0131t\u0131m B\u00f6l\u00fcm\u00fc 2\u2019nci s\u0131n\u0131f \u00f6\u011frencilerinden olu\u015fuyor. Etkinli\u011fin \u00e7evrimi\u00e7i olarak d\u00fczenlenmesi planlan\u0131yor.<\/p>\n<p style=\"text-align: justify;\">Proje hakk\u0131nda bilgi veren Do\u00e7. Dr. Bilgilier, \u201c\u00d6\u011frencilerimiz ile birlikte projemizin hedef kitlesi olan 18 &#8211; 25 ya\u015f aras\u0131ndaki gen\u00e7lerin \u00f6tekile\u015ftirmeye yol a\u00e7an dil, giyim, beslenme ve cinsiyet gibi kal\u0131pla\u015fm\u0131\u015f alg\u0131lar\u0131n\u0131 de\u011fi\u015ftirmeyi ve empati yeteneklerini g\u00fc\u00e7lendirmeyi ama\u00e7l\u0131yoruz. Kitlemize kalabal\u0131\u011f\u0131n i\u00e7indeki farkl\u0131 renklere odaklanmam\u0131z gerekti\u011fini ve bu renklerin normal birer toplumsal olgu oldu\u011funu anlatmak i\u00e7in yola \u00e7\u0131kt\u0131\u011f\u0131m\u0131z bu projede, kal\u0131c\u0131 bir bilin\u00e7 olu\u015fturmak istiyoruz. Bu sayede gen\u00e7lerimizin daha olumlu ve anlay\u0131\u015fl\u0131 bir d\u00fc\u015f\u00fcnce yap\u0131s\u0131na sahip olarak, insani ili\u015fkilerini daha do\u011fru bir \u015fekilde s\u00fcrd\u00fcreceklerini d\u00fc\u015f\u00fcn\u00fcyoruz\u201d dedi.<\/p>\n<p style=\"text-align: justify;\">Etkinlikte proje ekibi taraf\u0131ndan yap\u0131lacak sunumlar ve anketlerin yan\u0131 s\u0131ra; profesyonel konu\u015fmac\u0131lar konuk edilecek.<\/p>\n","protected":false},"excerpt":{"rendered":"<p>E\u00dc \u0130leti\u015fim Fak\u00fcltesi \u00f6\u011frencileri sosyal sorumluluk projelerine yenisini ekliyor\u2026! Gen\u00e7 \u0130leti\u015fimcilerden \u00a0\u201cKalabal\u0131\u011f\u0131n Renkleri\u201d projesi \u00a0Ege \u00dcniversitesi (E\u00dc) \u0130leti\u015fim Fak\u00fcltesi Halkla \u0130li\u015fkiler ve Tan\u0131t\u0131m B\u00f6l\u00fcm\u00fc \u00f6\u011frencileri yeni bir sosyal sorumluluk projesi&hellip;<\/p>\n","protected":false},"author":2,"featured_media":7579,"comment_status":"open","ping_status":"open","sticky":false,"template":"","format":"standard","meta":{"footnotes":""},"categories":[1,304,70],"tags":[],"class_list":["post-7578","post","type-post","status-publish","format-standard","has-post-thumbnail","hentry","category-gncl","category-iletisim","category-kampus"],"_links":{"self":[{"href":"https:\/\/egeajans.ege.edu.tr\/index.php\/wp-json\/wp\/v2\/posts\/7578","targetHints":{"allow":["GET"]}}],"collection":[{"href":"https:\/\/egeajans.ege.edu.tr\/index.php\/wp-json\/wp\/v2\/posts"}],"about":[{"href":"https:\/\/egeajans.ege.edu.tr\/index.php\/wp-json\/wp\/v2\/types\/post"}],"author":[{"embeddable":true,"href":"https:\/\/egeajans.ege.edu.tr\/index.php\/wp-json\/wp\/v2\/users\/2"}],"replies":[{"embeddable":true,"href":"https:\/\/egeajans.ege.edu.tr\/index.php\/wp-json\/wp\/v2\/comments?post=7578"}],"version-history":[{"count":1,"href":"https:\/\/egeajans.ege.edu.tr\/index.php\/wp-json\/wp\/v2\/posts\/7578\/revisions"}],"predecessor-version":[{"id":7580,"href":"https:\/\/egeajans.ege.edu.tr\/index.php\/wp-json\/wp\/v2\/posts\/7578\/revisions\/7580"}],"wp:featuredmedia":[{"embeddable":true,"href":"https:\/\/egeajans.ege.edu.tr\/index.php\/wp-json\/wp\/v2\/media\/7579"}],"wp:attachment":[{"href":"https:\/\/egeajans.ege.edu.tr\/index.php\/wp-json\/wp\/v2\/media?parent=7578"}],"wp:term":[{"taxonomy":"category","embeddable":true,"href":"https:\/\/egeajans.ege.edu.tr\/index.php\/wp-json\/wp\/v2\/categories?post=7578"},{"taxonomy":"post_tag","embeddable":true,"href":"https:\/\/egeajans.ege.edu.tr\/index.php\/wp-json\/wp\/v2\/tags?post=7578"}],"curies":[{"name":"wp","href":"https:\/\/api.w.org\/{rel}","templated":true}]}}