{"id":7502,"date":"2022-03-29T07:05:34","date_gmt":"2022-03-29T07:05:34","guid":{"rendered":"https:\/\/egeajans.ege.edu.tr\/?p=7502"},"modified":"2022-03-29T07:08:47","modified_gmt":"2022-03-29T07:08:47","slug":"saglik-hizmetlerinde-tarih-yazilacak","status":"publish","type":"post","link":"https:\/\/egeajans.ege.edu.tr\/index.php\/2022\/03\/29\/saglik-hizmetlerinde-tarih-yazilacak\/","title":{"rendered":"Cumhurba\u015fkan\u0131 Erdo\u011fan\u2019dan Ege\u2019ye tam destek"},"content":{"rendered":"<p style=\"text-align: justify;\"><b>Sa\u011fl\u0131k hizmetlerinde tarih yaz\u0131lacak<\/b><\/p>\n<p style=\"text-align: justify;\">Ege \u00dcniversitesi T\u0131p Fak\u00fcltesi (E\u00dcTF) Hastanesi merkezi ameliyathanesinin hizmete al\u0131nabilmesi i\u00e7in \u00e7al\u0131\u015fmalar h\u0131zla s\u00fcrd\u00fcr\u00fcl\u00fcrken E\u00dc Rekt\u00f6r\u00fc Prof. Dr. Necdet Budak\u2019\u0131n giri\u015fimleriyle Cumhurba\u015fkan\u0131 Recep Tayyip Erdo\u011fan\u2019dan Ege\u2019ye \u00f6zel bir destek geldi. Cumhurba\u015fkan\u0131 Erdo\u011fan\u2019\u0131n talimatlar\u0131yla ek \u00f6denek \u00e7\u0131kart\u0131ld\u0131\u011f\u0131n\u0131 s\u00f6yleyen Rekt\u00f6r Budak, \u201cEnerji ve insan kayna\u011f\u0131 kullan\u0131m\u0131 konusunda \u00e7ok \u00f6nemli tasarruflar sa\u011flayacak, sundu\u011fumuz sa\u011fl\u0131k hizmetleri a\u00e7\u0131s\u0131ndan adeta bir tarih yaz\u0131lacak merkezi ameliyathanemizi hizmete almak i\u00e7in var g\u00fcc\u00fcm\u00fczle \u00e7al\u0131\u015f\u0131yoruz. \u00dcniversitemize desteklerini hi\u00e7bir zaman esirgemeyen Cumhurba\u015fkan\u0131m\u0131z Recep Tayyip Erdo\u011fan\u2019a \u00dcniversitem ad\u0131na te\u015fekk\u00fcr ediyorum\u201d dedi.<\/p>\n<p style=\"text-align: justify;\">Ege \u00dcniversitesi T\u0131p Fak\u00fcltesi Hastanesi merkezi ameliyathanesinin hizmete al\u0131nmas\u0131 i\u00e7in ba\u015flat\u0131lan \u00e7al\u0131\u015fmalar t\u00fcm h\u0131z\u0131yla s\u00fcr\u00fcyor. E\u00dc Rekt\u00f6r\u00fc Prof. Dr. Necdet Budak, i\u015flemlerin h\u0131zland\u0131r\u0131lmas\u0131 amac\u0131yla t\u0131p fak\u00fcltesi ve ba\u015fhekimlik y\u00f6netimiyle Ankara\u2019da yapt\u0131\u011f\u0131 giri\u015fimler ve Cumhurba\u015fkan\u0131 Recep Tayyip Erdo\u011fan\u2019\u0131n \u00f6zel destekleriyle s\u00fcre\u00e7 daha da h\u0131z kazand\u0131. Merkezi ameliyathaneye y\u00f6nelik \u00f6zel olarak b\u00fct\u00e7e haz\u0131rland\u0131\u011f\u0131n\u0131, teknik ve altyap\u0131 \u00e7al\u0131\u015fmalar\u0131n\u0131n bir s\u00fcre\u00e7 ald\u0131\u011f\u0131na dikkat \u00e7eken Rekt\u00f6r Budak, \u201cKamu kaynaklar\u0131 kullan\u0131larak yap\u0131lan \u00e7al\u0131\u015fmalar\u0131n eksiksiz olmas\u0131 ve ameliyathanemizi hizmete a\u00e7mak<b>\u00a0<\/b>i\u00e7in gece g\u00fcnd\u00fcz \u00e7al\u0131\u015f\u0131yoruz. Enerji ve insan kayna\u011f\u0131 kullan\u0131m\u0131 konusunda \u00e7ok \u00f6nemli tasarruflar sa\u011flayacak, sundu\u011fumuz sa\u011fl\u0131k hizmetleri a\u00e7\u0131s\u0131ndan adeta bir tarih yazacak merkezi ameliyathanemizi hizmete almak i\u00e7in var g\u00fcc\u00fcm\u00fczle \u00e7al\u0131\u015f\u0131yoruz\u201d diye konu\u015ftu.<\/p>\n<p style=\"text-align: justify;\"><b>MERKEZ\u0130 AMEL\u0130YATHANE NELER SA\u011eLAYACAK<\/b><\/p>\n<p style=\"text-align: justify;\">Merkezi ameliyathanenin hizmete al\u0131nmas\u0131yla sunulan sa\u011fl\u0131k hizmetlerinin kalitesinin \u00f6nemli \u00f6l\u00e7\u00fcde artaca\u011f\u0131na de\u011finen Rekt\u00f6r Budak, \u201c\u015eu an da\u011f\u0131n\u0131k haldeki ameliyathanelerimiz, personel, malzeme ve cihaz verimlili\u011fini d\u00fc\u015f\u00fcr\u00fcyor. Merkezi ameliyathanemiz bu da\u011f\u0131n\u0131kl\u0131\u011f\u0131 ortadan kald\u0131racak, kompakt bir yap\u0131 sa\u011flayacak. 3 katl\u0131 olan merkezi ameliyathanemizde<b>;<\/b>\u00a055 ameliyathane salonu, 236 yatak kapasiteli yo\u011fun bak\u0131m \u00fcnitesi, 9 do\u011fum odas\u0131 ve 47 hasta haz\u0131rl\u0131k odas\u0131 yer al\u0131yor. B\u00f6ylece do\u011fumlarla birlikte ayn\u0131 anda 64 ameliyat yap\u0131labilecek. Bununla birlikte hastalar\u0131m\u0131za sunulan sa\u011fl\u0131k hizmetlerinin kalitesi artacak, dengeli i\u015f g\u00fcc\u00fc da\u011f\u0131l\u0131m\u0131 sa\u011flanacak, onar\u0131m masraflar\u0131nda ciddi tasarruflar olacak. Hasta kapasitesi ve memnuniyeti artacak\u201d dedi.<\/p>\n<p style=\"text-align: justify;\"><b>YEN\u0130 ALANLAR OLU\u015eTURULACAK<\/b><\/p>\n<p style=\"text-align: justify;\"><img loading=\"lazy\" decoding=\"async\" class=\"size-medium wp-image-7504 alignright\" src=\"http:\/\/egeajans.ege.edu.tr\/wp-content\/uploads\/2022\/03\/EGE-UNIVERSITESI-TIP-FAKULTESI-300x200.jpg\" alt=\"\" width=\"300\" height=\"200\" srcset=\"https:\/\/egeajans.ege.edu.tr\/wp-content\/uploads\/2022\/03\/EGE-UNIVERSITESI-TIP-FAKULTESI-300x200.jpg 300w, https:\/\/egeajans.ege.edu.tr\/wp-content\/uploads\/2022\/03\/EGE-UNIVERSITESI-TIP-FAKULTESI-1024x684.jpg 1024w, https:\/\/egeajans.ege.edu.tr\/wp-content\/uploads\/2022\/03\/EGE-UNIVERSITESI-TIP-FAKULTESI-768x513.jpg 768w, https:\/\/egeajans.ege.edu.tr\/wp-content\/uploads\/2022\/03\/EGE-UNIVERSITESI-TIP-FAKULTESI-1536x1027.jpg 1536w, https:\/\/egeajans.ege.edu.tr\/wp-content\/uploads\/2022\/03\/EGE-UNIVERSITESI-TIP-FAKULTESI.jpg 1616w\" sizes=\"auto, (max-width: 300px) 100vw, 300px\" \/>Merkezi ameliyathanenin hizmete al\u0131nmas\u0131yla mevcut hastane binas\u0131nda bo\u015falacak alanlar\u0131n ise yeniden d\u00fczenlenerek E\u00dc\u2019n\u00fcn misyon ve vizyonuna uygun \u015fekilde kullan\u0131laca\u011f\u0131n\u0131 belirten Rekt\u00f6r Budak, \u201c\u00dcniversitemizde uluslararas\u0131la\u015fma ve dijitalle\u015fme konular\u0131nda ciddi ad\u0131mlar at\u0131yoruz. Elbette bunun sa\u011fl\u0131k alan\u0131na da yans\u0131malar\u0131 oluyor. \u00d6zellikle pandemi s\u00fcrecinde, hastalar\u0131m\u0131z\u0131n randevu alarak hekimlerimizle online olarak g\u00f6r\u00fc\u015fmelerine imkan sa\u011flayan \u00a0\u201cTelet\u0131p Poliklinik Sistemi\u201d uygulamas\u0131n\u0131 hayata ge\u00e7irdik. Bu uygulama dijitalle\u015fme a\u00e7\u0131s\u0131ndan att\u0131\u011f\u0131m\u0131z ad\u0131mlardan yaln\u0131zca bir tanesiydi.\u00a0 \u00d6n\u00fcm\u00fczdeki s\u00fcre\u00e7te de Hastanemizdeki sa\u011fl\u0131k hizmetlerini \u00e7a\u011f\u0131n ko\u015fullar\u0131na uygun hale getirmek i\u00e7in altyap\u0131 \u00e7al\u0131\u015fmalar\u0131m\u0131za h\u0131z kesmeden devam edecek ve \u00dcniversite hastanemizi dijitalle\u015fme konusunda emsallerinden farkl\u0131 k\u0131laca\u011f\u0131z. Merkezi ameliyathanemizin hizmete a\u00e7\u0131lmas\u0131 ile hastane i\u00e7erisinde bo\u015falan alanlar\u0131; \u00a0hayata ge\u00e7irece\u011fimiz yeni uygulama ve hizmetler i\u00e7in etkin ve verimli bir \u015fekilde de\u011ferlendirece\u011fiz. Merkezi ameliyathanemizin a\u00e7\u0131lmas\u0131yla b\u00f6lgemize ve \u00fclkemize sa\u011fl\u0131k hizmetleri anlam\u0131nda \u00e7ok ciddi katk\u0131lar sa\u011flayaca\u011f\u0131z. Sundu\u011fumuz sa\u011fl\u0131k hizmetleri anlam\u0131nda da tarihi bir d\u00f6n\u00fcm noktas\u0131 olacak. \u00dcniversitemize desteklerini hi\u00e7bir zaman esirgemeyen Cumhurba\u015fkan\u0131m\u0131z Recep Tayyip Erdo\u011fan\u2019a, Say\u0131n Binali Y\u0131ld\u0131r\u0131m\u2019a, \u0130zmir Milletvekillerimiz ile Cumhurba\u015fkanl\u0131\u011f\u0131 Strateji ve B\u00fct\u00e7e Ba\u015fkan\u0131m\u0131z \u0130brahim \u015eenel\u2019e merkezi ameliyathanemize verdi\u011fi \u00f6zel destekten dolay\u0131 \u00dcniversitem ad\u0131na te\u015fekk\u00fcr ediyorum\u201d diye konu\u015ftu.<\/p>\n","protected":false},"excerpt":{"rendered":"<p>Sa\u011fl\u0131k hizmetlerinde tarih yaz\u0131lacak Ege \u00dcniversitesi T\u0131p Fak\u00fcltesi (E\u00dcTF) Hastanesi merkezi ameliyathanesinin hizmete al\u0131nabilmesi i\u00e7in \u00e7al\u0131\u015fmalar h\u0131zla s\u00fcrd\u00fcr\u00fcl\u00fcrken E\u00dc Rekt\u00f6r\u00fc Prof. Dr. Necdet Budak\u2019\u0131n giri\u015fimleriyle Cumhurba\u015fkan\u0131 Recep Tayyip Erdo\u011fan\u2019dan Ege\u2019ye&hellip;<\/p>\n","protected":false},"author":2,"featured_media":7503,"comment_status":"open","ping_status":"open","sticky":false,"template":"","format":"standard","meta":{"footnotes":""},"categories":[1,70,68],"tags":[],"class_list":["post-7502","post","type-post","status-publish","format-standard","has-post-thumbnail","hentry","category-gncl","category-kampus","category-saglik"],"_links":{"self":[{"href":"https:\/\/egeajans.ege.edu.tr\/index.php\/wp-json\/wp\/v2\/posts\/7502","targetHints":{"allow":["GET"]}}],"collection":[{"href":"https:\/\/egeajans.ege.edu.tr\/index.php\/wp-json\/wp\/v2\/posts"}],"about":[{"href":"https:\/\/egeajans.ege.edu.tr\/index.php\/wp-json\/wp\/v2\/types\/post"}],"author":[{"embeddable":true,"href":"https:\/\/egeajans.ege.edu.tr\/index.php\/wp-json\/wp\/v2\/users\/2"}],"replies":[{"embeddable":true,"href":"https:\/\/egeajans.ege.edu.tr\/index.php\/wp-json\/wp\/v2\/comments?post=7502"}],"version-history":[{"count":2,"href":"https:\/\/egeajans.ege.edu.tr\/index.php\/wp-json\/wp\/v2\/posts\/7502\/revisions"}],"predecessor-version":[{"id":7506,"href":"https:\/\/egeajans.ege.edu.tr\/index.php\/wp-json\/wp\/v2\/posts\/7502\/revisions\/7506"}],"wp:featuredmedia":[{"embeddable":true,"href":"https:\/\/egeajans.ege.edu.tr\/index.php\/wp-json\/wp\/v2\/media\/7503"}],"wp:attachment":[{"href":"https:\/\/egeajans.ege.edu.tr\/index.php\/wp-json\/wp\/v2\/media?parent=7502"}],"wp:term":[{"taxonomy":"category","embeddable":true,"href":"https:\/\/egeajans.ege.edu.tr\/index.php\/wp-json\/wp\/v2\/categories?post=7502"},{"taxonomy":"post_tag","embeddable":true,"href":"https:\/\/egeajans.ege.edu.tr\/index.php\/wp-json\/wp\/v2\/tags?post=7502"}],"curies":[{"name":"wp","href":"https:\/\/api.w.org\/{rel}","templated":true}]}}