{"id":7466,"date":"2022-03-25T06:48:09","date_gmt":"2022-03-25T06:48:09","guid":{"rendered":"https:\/\/egeajans.ege.edu.tr\/?p=7466"},"modified":"2022-03-25T06:48:10","modified_gmt":"2022-03-25T06:48:10","slug":"ege-tip-kosovali-saglik-bakanini-agirladi","status":"publish","type":"post","link":"https:\/\/egeajans.ege.edu.tr\/index.php\/2022\/03\/25\/ege-tip-kosovali-saglik-bakanini-agirladi\/","title":{"rendered":"Ege T\u0131p Kosoval\u0131 Sa\u011fl\u0131k Bakan\u0131n\u0131 a\u011f\u0131rlad\u0131"},"content":{"rendered":"<p style=\"text-align: justify;\">T\u00fcrkiye\u2019de bulunan Kosova Cumhuriyeti Sa\u011fl\u0131k Bakan\u0131 Prof. Dr. Rifat Latifi, Ege \u00dcniversitesi T\u0131p Fak\u00fcltesini (E\u00dcTF) ziyaret etti. Bakan Latifi\u2019nin ziyaretinden duydu\u011fu memnuniyeti dile getiren Rekt\u00f6r Prof. Dr. Necdet Budak, Ege \u00dcniversitesinin sa\u011fl\u0131k alan\u0131ndaki \u00e7al\u0131\u015fmalar\u0131 ile ilgili bilgi payla\u015f\u0131m\u0131nda bulunduklar\u0131n\u0131 dile getirdi.<\/p>\n<p style=\"text-align: justify;\"><img loading=\"lazy\" decoding=\"async\" class=\"size-medium wp-image-7469 alignleft\" src=\"http:\/\/egeajans.ege.edu.tr\/wp-content\/uploads\/2022\/03\/EGE-TIP-KOSOVALI-SAGLIK-BAKANINI-AGIRLADI-3-300x200.jpeg\" alt=\"\" width=\"300\" height=\"200\" srcset=\"https:\/\/egeajans.ege.edu.tr\/wp-content\/uploads\/2022\/03\/EGE-TIP-KOSOVALI-SAGLIK-BAKANINI-AGIRLADI-3-300x200.jpeg 300w, https:\/\/egeajans.ege.edu.tr\/wp-content\/uploads\/2022\/03\/EGE-TIP-KOSOVALI-SAGLIK-BAKANINI-AGIRLADI-3-768x513.jpeg 768w, https:\/\/egeajans.ege.edu.tr\/wp-content\/uploads\/2022\/03\/EGE-TIP-KOSOVALI-SAGLIK-BAKANINI-AGIRLADI-3.jpeg 1024w\" sizes=\"auto, (max-width: 300px) 100vw, 300px\" \/>Ziyaret esnas\u0131nda E\u00dc Rekt\u00f6r Yard\u0131mc\u0131s\u0131 ve E\u00dcTF Dekan\u0131 Prof. Dr. Cemil G\u00fcrg\u00fcn, fak\u00fcltede y\u00fcr\u00fct\u00fclen faaliyetlere ili\u015fkin bilgiler verdi. Konuk Bakan Latifi, \u0130zmir\u2019de ve Ege \u00dcniversitesinde olmaktan b\u00fcy\u00fck mutluluk duydu\u011funu s\u00f6yledi.<\/p>\n<p style=\"text-align: justify;\">Kosova Cumhuriyeti Sa\u011fl\u0131k Bakan\u0131 Rifat Latifi, Kosova Cumhuriyeti \u0130stanbul Ba\u015fkonsolosu Suzan Novoberdaliu ile beraberindeki heyet, Ege \u00dcniversitesi T\u0131p Fak\u00fcltesini ziyaret etti. Kosoval\u0131 heyet, E\u00dc Rekt\u00f6r Yard\u0131mc\u0131s\u0131 ve E\u00dcTF Dekan\u0131 Prof. Dr. Cemil G\u00fcrg\u00fcn, E\u00dcTF Hastanesi Ba\u015fhekimi Prof. Dr. \u00d6zg\u00fcr \u00c7o\u011fulu, dekan ve ba\u015fhekim yard\u0131mc\u0131lar\u0131 kar\u015f\u0131lad\u0131. S\u0131cak kar\u015f\u0131lama i\u00e7in te\u015fekk\u00fcr eden Bakan Latifi, \u201cT\u00fcrkiye \u00e7e\u015fitli kurumlara ziyaretlerde bulunup sa\u011fl\u0131k alan\u0131ndaki \u00e7al\u0131\u015fmalar hakk\u0131nda fikir al\u0131\u015fveri\u015finde bulunuyoruz. \u0130zmir ve Ege \u00dcniversitesinde olmaktan b\u00fcy\u00fck mutluluk duyuyorum. Kendimi evimde gibi hissediyorum. Sa\u011fl\u0131k alan\u0131nda, e\u011fitim ve sa\u011fl\u0131k hizmetlerine ili\u015fkin yapabilece\u011fimiz i\u015f birliklerine y\u00f6nelik de\u011ferlendirmelerde bulunduk\u201d diye konu\u015ftu.<\/p>\n<p style=\"text-align: justify;\"><b>ORTAK TAR\u0130H VE K\u00dcLT\u00dcREL M\u0130RAS<\/b><\/p>\n<p style=\"text-align: justify;\"><b><img loading=\"lazy\" decoding=\"async\" class=\"size-medium wp-image-7468 alignright\" src=\"http:\/\/egeajans.ege.edu.tr\/wp-content\/uploads\/2022\/03\/EGE-Prof.-Dr.-Cemil-Gurgun-Rifat-Latifi-3-300x209.jpeg\" alt=\"\" width=\"300\" height=\"209\" srcset=\"https:\/\/egeajans.ege.edu.tr\/wp-content\/uploads\/2022\/03\/EGE-Prof.-Dr.-Cemil-Gurgun-Rifat-Latifi-3-300x209.jpeg 300w, https:\/\/egeajans.ege.edu.tr\/wp-content\/uploads\/2022\/03\/EGE-Prof.-Dr.-Cemil-Gurgun-Rifat-Latifi-3-768x534.jpeg 768w, https:\/\/egeajans.ege.edu.tr\/wp-content\/uploads\/2022\/03\/EGE-Prof.-Dr.-Cemil-Gurgun-Rifat-Latifi-3.jpeg 1024w\" sizes=\"auto, (max-width: 300px) 100vw, 300px\" \/><\/b>T\u00fcrkiye ve Kosova\u2019n\u0131n ortak bir tarihe ve k\u00fclt\u00fcrel mirasa sahip oldu\u011funa dikkat \u00e7eken Prof. Dr. G\u00fcrg\u00fcn, Bakan Latifi ve beraberindekilere ziyaretleri i\u00e7in te\u015fekk\u00fcr etti. E\u00dcTF\u2019nin e\u011fitim ve bilimsel \u00e7al\u0131\u015fmalar\u0131na y\u00f6nelik bilgi veren Prof. Dr. G\u00fcrg\u00fcn, \u201cT\u00fcrkiye\u2019nin sayg\u0131n \u00fcniversitelerinden biri olan Ege \u00dcnivertsitesi, Rekt\u00f6r\u00fcm\u00fcz Prof. Dr. Necdet Budak\u2019\u0131n \u00f6nc\u00fcl\u00fc\u011f\u00fcnde, akreditasyon, ara\u015ft\u0131rma \u00fcniversitesi olma, uluslararas\u0131la\u015fma ve dijitalle\u015fme anlam\u0131nda \u00f6nemli ad\u0131mlar att\u0131. Donan\u0131ml\u0131 akademik kadromuz ile \u00f6\u011frencilerimize kaliteli e\u011fitim ve hastalar\u0131m\u0131za \u00fcst d\u00fczeyde sa\u011fl\u0131k hizmeti sunuyoruz. Altyap\u0131 ve teknoloji alan\u0131ndaki yat\u0131r\u0131mlar\u0131m\u0131zla da bu kalitemizi olduk\u00e7a \u00fcst seviyelere ta\u015f\u0131d\u0131k. Fak\u00fcltemizde Kosoval\u0131 t\u0131p \u00f6\u011frencilerimiz ve ihtisas yapan Kosoval\u0131 hekimlerimiz var, onlar da sundu\u011fumuz kaliteli e\u011fitimden en iyi \u015fekilde yararlan\u0131yorlar. Ege \u00dcniversitesi olarak Kosoval\u0131 meslekta\u015flar\u0131m\u0131za her t\u00fcrl\u00fc deste\u011fi vermeye ve i\u015f birli\u011fi yapmaya her zaman haz\u0131r\u0131z\u201d dedi.<\/p>\n<p style=\"text-align: justify;\">Prof. Dr. G\u00fcrg\u00fcn\u2019\u00fcn bilgi payla\u015f\u0131m\u0131n\u0131n ard\u0131ndan heyet, laboratuvar ve e\u011fitim alanlar\u0131nda incelemelerde bulundu.<\/p>\n<div id='gallery-1' class='gallery galleryid-7466 gallery-columns-3 gallery-size-medium'><figure class='gallery-item'>\n\t\t\t<div class='gallery-icon landscape'>\n\t\t\t\t<a href='https:\/\/egeajans.ege.edu.tr\/wp-content\/uploads\/2022\/03\/EGE-TIP-KOSOVALI-SAGLIK-BAKANINI-AGIRLADI-2.jpeg'><img loading=\"lazy\" decoding=\"async\" width=\"300\" height=\"200\" src=\"https:\/\/egeajans.ege.edu.tr\/wp-content\/uploads\/2022\/03\/EGE-TIP-KOSOVALI-SAGLIK-BAKANINI-AGIRLADI-2-300x200.jpeg\" class=\"attachment-medium size-medium\" alt=\"\" srcset=\"https:\/\/egeajans.ege.edu.tr\/wp-content\/uploads\/2022\/03\/EGE-TIP-KOSOVALI-SAGLIK-BAKANINI-AGIRLADI-2-300x200.jpeg 300w, https:\/\/egeajans.ege.edu.tr\/wp-content\/uploads\/2022\/03\/EGE-TIP-KOSOVALI-SAGLIK-BAKANINI-AGIRLADI-2-768x513.jpeg 768w, https:\/\/egeajans.ege.edu.tr\/wp-content\/uploads\/2022\/03\/EGE-TIP-KOSOVALI-SAGLIK-BAKANINI-AGIRLADI-2.jpeg 1024w\" sizes=\"auto, (max-width: 300px) 100vw, 300px\" \/><\/a>\n\t\t\t<\/div><\/figure><figure class='gallery-item'>\n\t\t\t<div class='gallery-icon landscape'>\n\t\t\t\t<a href='https:\/\/egeajans.ege.edu.tr\/wp-content\/uploads\/2022\/03\/EGE-TIP-KOSOVALI-SAGLIK-BAKANINI-AGIRLADI-1.jpeg'><img loading=\"lazy\" decoding=\"async\" width=\"300\" height=\"200\" src=\"https:\/\/egeajans.ege.edu.tr\/wp-content\/uploads\/2022\/03\/EGE-TIP-KOSOVALI-SAGLIK-BAKANINI-AGIRLADI-1-300x200.jpeg\" class=\"attachment-medium size-medium\" alt=\"\" srcset=\"https:\/\/egeajans.ege.edu.tr\/wp-content\/uploads\/2022\/03\/EGE-TIP-KOSOVALI-SAGLIK-BAKANINI-AGIRLADI-1-300x200.jpeg 300w, https:\/\/egeajans.ege.edu.tr\/wp-content\/uploads\/2022\/03\/EGE-TIP-KOSOVALI-SAGLIK-BAKANINI-AGIRLADI-1-768x513.jpeg 768w, https:\/\/egeajans.ege.edu.tr\/wp-content\/uploads\/2022\/03\/EGE-TIP-KOSOVALI-SAGLIK-BAKANINI-AGIRLADI-1.jpeg 1024w\" sizes=\"auto, (max-width: 300px) 100vw, 300px\" \/><\/a>\n\t\t\t<\/div><\/figure><figure class='gallery-item'>\n\t\t\t<div class='gallery-icon landscape'>\n\t\t\t\t<a href='https:\/\/egeajans.ege.edu.tr\/wp-content\/uploads\/2022\/03\/EGE-TIP-KOSOVALI-SAGLIK-BAKANINI-AGIRLADI-4.jpeg'><img loading=\"lazy\" decoding=\"async\" width=\"300\" height=\"200\" src=\"https:\/\/egeajans.ege.edu.tr\/wp-content\/uploads\/2022\/03\/EGE-TIP-KOSOVALI-SAGLIK-BAKANINI-AGIRLADI-4-300x200.jpeg\" class=\"attachment-medium size-medium\" alt=\"\" srcset=\"https:\/\/egeajans.ege.edu.tr\/wp-content\/uploads\/2022\/03\/EGE-TIP-KOSOVALI-SAGLIK-BAKANINI-AGIRLADI-4-300x200.jpeg 300w, https:\/\/egeajans.ege.edu.tr\/wp-content\/uploads\/2022\/03\/EGE-TIP-KOSOVALI-SAGLIK-BAKANINI-AGIRLADI-4-768x513.jpeg 768w, https:\/\/egeajans.ege.edu.tr\/wp-content\/uploads\/2022\/03\/EGE-TIP-KOSOVALI-SAGLIK-BAKANINI-AGIRLADI-4.jpeg 1024w\" sizes=\"auto, (max-width: 300px) 100vw, 300px\" \/><\/a>\n\t\t\t<\/div><\/figure>\n\t\t<\/div>\n\n","protected":false},"excerpt":{"rendered":"<p>T\u00fcrkiye\u2019de bulunan Kosova Cumhuriyeti Sa\u011fl\u0131k Bakan\u0131 Prof. Dr. Rifat Latifi, Ege \u00dcniversitesi T\u0131p Fak\u00fcltesini (E\u00dcTF) ziyaret etti. Bakan Latifi\u2019nin ziyaretinden duydu\u011fu memnuniyeti dile getiren Rekt\u00f6r Prof. Dr. Necdet Budak, Ege&hellip;<\/p>\n","protected":false},"author":2,"featured_media":7467,"comment_status":"open","ping_status":"open","sticky":false,"template":"","format":"standard","meta":{"footnotes":""},"categories":[1,70,68],"tags":[],"class_list":["post-7466","post","type-post","status-publish","format-standard","has-post-thumbnail","hentry","category-gncl","category-kampus","category-saglik"],"_links":{"self":[{"href":"https:\/\/egeajans.ege.edu.tr\/index.php\/wp-json\/wp\/v2\/posts\/7466","targetHints":{"allow":["GET"]}}],"collection":[{"href":"https:\/\/egeajans.ege.edu.tr\/index.php\/wp-json\/wp\/v2\/posts"}],"about":[{"href":"https:\/\/egeajans.ege.edu.tr\/index.php\/wp-json\/wp\/v2\/types\/post"}],"author":[{"embeddable":true,"href":"https:\/\/egeajans.ege.edu.tr\/index.php\/wp-json\/wp\/v2\/users\/2"}],"replies":[{"embeddable":true,"href":"https:\/\/egeajans.ege.edu.tr\/index.php\/wp-json\/wp\/v2\/comments?post=7466"}],"version-history":[{"count":1,"href":"https:\/\/egeajans.ege.edu.tr\/index.php\/wp-json\/wp\/v2\/posts\/7466\/revisions"}],"predecessor-version":[{"id":7473,"href":"https:\/\/egeajans.ege.edu.tr\/index.php\/wp-json\/wp\/v2\/posts\/7466\/revisions\/7473"}],"wp:featuredmedia":[{"embeddable":true,"href":"https:\/\/egeajans.ege.edu.tr\/index.php\/wp-json\/wp\/v2\/media\/7467"}],"wp:attachment":[{"href":"https:\/\/egeajans.ege.edu.tr\/index.php\/wp-json\/wp\/v2\/media?parent=7466"}],"wp:term":[{"taxonomy":"category","embeddable":true,"href":"https:\/\/egeajans.ege.edu.tr\/index.php\/wp-json\/wp\/v2\/categories?post=7466"},{"taxonomy":"post_tag","embeddable":true,"href":"https:\/\/egeajans.ege.edu.tr\/index.php\/wp-json\/wp\/v2\/tags?post=7466"}],"curies":[{"name":"wp","href":"https:\/\/api.w.org\/{rel}","templated":true}]}}