{"id":555,"date":"2020-11-10T12:00:59","date_gmt":"2020-11-10T12:00:59","guid":{"rendered":"http:\/\/egeajans.ege.edu.tr\/?p=555"},"modified":"2020-11-14T19:00:44","modified_gmt":"2020-11-14T19:00:44","slug":"prof-dr-budak-ataturk-tum-dunyanin-saygisini-kazanmis-bir-liderdir","status":"publish","type":"post","link":"https:\/\/egeajans.ege.edu.tr\/index.php\/2020\/11\/10\/prof-dr-budak-ataturk-tum-dunyanin-saygisini-kazanmis-bir-liderdir\/","title":{"rendered":"Prof. Dr. Budak, \u201cAtat\u00fcrk, t\u00fcm d\u00fcnyan\u0131n sayg\u0131s\u0131n\u0131 kazanm\u0131\u015f bir liderdir\u201d"},"content":{"rendered":"<p style=\"text-align: justify;\">Gazi Mustafa Kemal Atat\u00fcrk 82\u2019nci \u00f6l\u00fcm y\u0131l d\u00f6n\u00fcm\u00fcnde \u0130zmir\u2019de an\u0131ld\u0131<\/p>\n<p style=\"text-align: justify;\"><strong>Prof. Dr. Budak, \u201cAtat\u00fcrk, t\u00fcm d\u00fcnyan\u0131n sayg\u0131s\u0131n\u0131 kazanm\u0131\u015f bir liderdir\u201d<\/strong><\/p>\n<p style=\"text-align: justify;\">T\u00fcrkiye Cumhuriyeti\u2019nin kurucusu Mustafa Kemal Atat\u00fcrk,&nbsp; 82\u2019nci \u00f6l\u00fcm y\u0131l d\u00f6n\u00fcm\u00fcnde \u0130zmir Valili\u011fi koordinat\u00f6rl\u00fc\u011f\u00fcnde Ege \u00dcniversitesi Rekt\u00f6rl\u00fc\u011f\u00fc taraf\u0131ndan d\u00fczenlenen t\u00f6renle an\u0131ld\u0131. Cumhuriyet Meydan\u0131\u2019nda Atat\u00fcrk An\u0131t\u0131\u2019na \u00e7elenk sunulmas\u0131yla ba\u015flayan anma t\u00f6reni, Ege \u00dcniversitesi Atat\u00fcrk K\u00fclt\u00fcr Merkezi\u2019nde devam etti. T\u00f6rende, \u0130zmir Vali Yard\u0131mc\u0131s\u0131 Fatih K\u0131z\u0131ltoprak, Ege Ordu Komutan\u0131 Korgeneral Ali Sivri, Cumhuriyet Ba\u015fsavc\u0131s\u0131 Kamil Erkut G\u00fcre, &nbsp;Ege \u00dcniversitesi Rekt\u00f6r\u00fc Prof. Dr. Necdet Budak, \u0130zmir \u00dcniversitelerinin Rekt\u00f6rleri, E\u00dc \u00dcst Y\u00f6netimi ve pandemi dolay\u0131s\u0131yla s\u0131n\u0131rl\u0131 say\u0131l\u0131 kat\u0131l\u0131mc\u0131 yer ald\u0131.<\/p>\n<p style=\"text-align: justify;\">Anma t\u00f6reninin a\u00e7\u0131l\u0131\u015f\u0131nda konu\u015fan Rekt\u00f6r Budak, \u0130zmir\u2019de ger\u00e7ekle\u015fen 6.6 b\u00fcy\u00fckl\u00fc\u011f\u00fcndeki depremin keder ve \u00fcz\u00fcnt\u00fcs\u00fcn\u00fcn y\u00fcreklerde hala taze oldu\u011funu belirtti. Prof. Dr. Budak, \u201cDepremin ger\u00e7ekle\u015fti\u011fi andan itibaren, Valili\u011fimizle koordineli hareket ederek depremden etkilenen vatanda\u015flar\u0131m\u0131z\u0131n yan\u0131nda olduk. Ege \u00dcniversitesi olarak, halk\u0131m\u0131z\u0131n yaralar\u0131n\u0131n sar\u0131lmas\u0131nda Valili\u011fimizin g\u00f6sterdi\u011fi \u00fcst\u00fcn gayrete ortak olduk. Depremden etkilenen halk\u0131m\u0131z\u0131n ihtiya\u00e7lar\u0131n\u0131n kar\u015f\u0131lanmas\u0131 i\u00e7in t\u00fcm imk\u00e2nlar\u0131m\u0131z\u0131 seferber ettik.&nbsp; Bizleri derin bir \u00fcz\u00fcnt\u00fcye bo\u011fan bu ac\u0131 olayda, ortaya \u00e7\u0131kan dayan\u0131\u015fma atmosferi hepimiz i\u00e7in b\u00fcy\u00fck bir umut ve mutluluk kayna\u011f\u0131 oldu. Bu vesileyle, halk\u0131m\u0131z\u0131n yaralar\u0131n\u0131n sar\u0131lmas\u0131nda rol oynayan t\u00fcm vatanda\u015flar\u0131m\u0131za, \u00e7al\u0131\u015fanlar\u0131m\u0131za bir kez daha te\u015fekk\u00fcrlerimi sunuyorum. Depremde hayat\u0131n\u0131 kaybeden t\u00fcm vatanda\u015flar\u0131m\u0131za bir kez daha Allah\u2019tan rahmet, kederli ailelerine sab\u0131r ve yaral\u0131lar\u0131m\u0131za acil \u015fifalar diliyorum\u201d diye konu\u015ftu.<\/p>\n<p style=\"text-align: justify;\"><strong>\u201cPek \u00e7ok ulusa esin kayna\u011f\u0131 bir lider\u201d<\/strong><\/p>\n<p style=\"text-align: justify;\">Gazi Mustafa Kemal Atat\u00fcrk\u2019\u00fc ve silah arkada\u015flar\u0131n\u0131 \u015f\u00fckranla y\u00e2d ettiklerini s\u00f6yleyen Rekt\u00f6r Budak, \u201cUlu \u00d6nder Mustafa Kemal Atat\u00fcrk\u2019\u00fcn \u00f6l\u00fcm\u00fcn\u00fcn 82\u2019inci y\u0131ld\u00f6n\u00fcm\u00fcn\u00fc idrak ediyoruz. Gazi Mustafa Kemal Atat\u00fcrk\u2019\u00fc ve onunla birlikte ebediyete irtihal etmi\u015f t\u00fcm kahramanlar\u0131m\u0131z\u0131, \u015fehitlerimizi ve gazilerimizi rahmetle, \u015f\u00fckranla y\u00e2d ediyorum. Mustafa Kemal Atat\u00fcrk; milletine olan sonsuz inanc\u0131, vatan sevgisi, askeri ve siyasi dehas\u0131yla yaln\u0131zca T\u00fcrk Milletinin de\u011fil, t\u00fcm d\u00fcnyan\u0131n sayg\u0131nl\u0131\u011f\u0131n\u0131 kazanm\u0131\u015f bir liderdir. Pek \u00e7ok ulusa esin kayna\u011f\u0131 olan Milli M\u00fccadele hareketine liderlik etmi\u015f; bu m\u00fccadeleyi T\u00fcrkiye Cumhuriyeti ile ta\u00e7land\u0131rm\u0131\u015ft\u0131r. Milletimizi istiklal ve istikbaline kavu\u015fturmu\u015f, bug\u00fcn vatan\u0131m\u0131z\u0131n her k\u00f6\u015fesinde h\u00e2kim olan demokrasinin temellerini atm\u0131\u015ft\u0131r. T\u00fcm bu \u00f6zellikleri onu, d\u00fcnya \u00fczerinde hem askeri hem siyasi ba\u015far\u0131s\u0131yla d\u00fc\u015fman\u0131ndan bile \u00f6vg\u00fc dolu s\u00f6zler alan ender liderler aras\u0131na yerle\u015ftirmi\u015ftir\u201d dedi.<\/p>\n<p style=\"text-align: justify;\">Rekt\u00f6r Budak, \u201c20\u2019nci y\u00fczy\u0131l\u0131n en b\u00fcy\u00fck \u00e7a\u011fda\u015fla\u015fma hareketlerinden birine imza atan B\u00fcy\u00fck \u00d6nder, \u00e7a\u011f\u0131n\u0131n \u00e7ok \u00f6tesinde fikir ve uygulamalar\u0131yla yaln\u0131zca ya\u015fad\u0131\u011f\u0131 d\u00f6nemi de\u011fil, bug\u00fcn\u00fcm\u00fcz\u00fc ve hatta yar\u0131nlar\u0131m\u0131z\u0131 ayd\u0131nlatan bir fikri miras b\u0131rakm\u0131\u015ft\u0131r. Ulusumuzun ba\u011f\u0131ms\u0131zl\u0131\u011f\u0131 u\u011fruna hayata ge\u00e7irdi\u011fi her uygulaman\u0131n temeline yine milletine olan inan\u00e7 ve g\u00fcvenini yerle\u015ftiren Atam\u0131z\u0131n de\u011ferini her ge\u00e7en g\u00fcn daha iyi anl\u0131yoruz. G\u00fc\u00e7l\u00fc vatanda\u015fl\u0131k bilincimiz ve geli\u015fen demokrasimizle, bizlere emanet etti\u011fi T\u00fcrkiye Cumhuriyeti\u2019ne sahip \u00e7\u0131k\u0131yor; i\u015faret etti\u011fi muas\u0131r medeniyet hedefine h\u0131zla ilerliyoruz\u201d diye konu\u015ftu.<\/p>\n<p style=\"text-align: justify;\"><strong>\u201c\u00c7a\u011fda\u015f medeniyetler seviyesine ula\u015fman\u0131n yeg\u00e2ne yolu; bilim\u201d<\/strong><\/p>\n<p style=\"text-align: justify;\">Atat\u00fcrk\u2019\u00fcn bilime verdi\u011fi \u00f6neme de\u011finen Rekt\u00f6r Prof. Dr. Budak, \u201cAtat\u00fcrk\u2019\u00fc anarken ayn\u0131 zamanda onu anlamak, g\u00fcn\u00fcm\u00fcze \u0131\u015f\u0131k tutan fikirlerini \u00f6z\u00fcmsemek ve bizlere b\u0131rakt\u0131\u011f\u0131 miras\u0131 ge\u00e7mi\u015ften gelece\u011fe yol al\u0131rken korumak en asli g\u00f6revimizdir. \u015e\u00fcphesiz ki, bu noktada \u00fczerinde durmam\u0131z gereken en \u00f6nemli konulardan biri ise bilime verdi\u011fi k\u0131ymettir\u201d dedi. Ege \u00dcniversitesinin, Atat\u00fcrk\u2019\u00fcn fikir ve idealleri \u0131\u015f\u0131\u011f\u0131nda hareket etti\u011fini s\u00f6yleyen Rekt\u00f6r Budak, \u201cAtat\u00fcrk, \u2018Benim size b\u0131rakt\u0131\u011f\u0131m tek bir manevi miras\u0131m vard\u0131r ki, o da bilimdir, fendir\u2019 s\u00f6zleriyle \u00e7a\u011fda\u015f medeniyetler seviyesine ula\u015fman\u0131n yeg\u00e2ne yolu olarak ilimi g\u00f6stermi\u015ftir Onlarca y\u0131l \u00f6ncesinden i\u00e7erisinde bulundu\u011fumuz d\u00f6nemin \u00f6zelliklerini olduk\u00e7a iyi analiz eden bu s\u00f6z, biz e\u011fitim kurumlar\u0131na \u00e7ok ciddi sorumluluklar y\u00fckl\u00fcyor. Bizler, yeti\u015ftirmekte oldu\u011fumuz nesilleri, bu sorumlulu\u011fun bilinciyle yeti\u015ftirmeli; gelece\u011fimizin mimarlar\u0131na bilimin rehberli\u011finde yol g\u00f6stermeli; Atat\u00fcrk\u2019\u00fcn fikir ve idealleri \u0131\u015f\u0131\u011f\u0131nda \u00fclkemizi ileri ta\u015f\u0131yacak bilim insanlar\u0131n\u0131 \u00fclkemize kazand\u0131rmak ad\u0131na t\u00fcm g\u00fcc\u00fcm\u00fczle \u00e7al\u0131\u015fmal\u0131y\u0131z. Ege \u00dcniversitesi olarak, 65 y\u0131ld\u0131r bu ilke ve sorumluluk bilinciyle, milli ve manevi de\u011ferlerine s\u0131k\u0131 s\u0131k\u0131ya ba\u011fl\u0131; tarihi bilinci y\u00fcksek; bilime, bilgiye inanan ve \u00fcreten nesiller yeti\u015ftiriyoruz. Bundan sonra da gen\u00e7lerimizi ayn\u0131 bilin\u00e7le yeti\u015ftirmeye, onlar\u0131 yaln\u0131zca akademik bilgi ile de\u011fil manevi de\u011ferlerimizle de beslemeye devam edece\u011fiz\u201d diye konu\u015ftu.<\/p>\n<p style=\"text-align: justify;\"><strong>\u201cSon Yolculuk\u201d isimli belgesel g\u00f6sterildi<\/strong><\/p>\n<p style=\"text-align: justify;\">Rekt\u00f6r Budak\u2019\u0131n konu\u015fmas\u0131n\u0131n ard\u0131ndan Ege \u00dcniversitesi Medya Uygulama ve Ara\u015ft\u0131rma Merkezi (EGEMM) taraf\u0131ndan haz\u0131rlanan \u201cSon Yolculuk\u201d isimli belgesel g\u00f6sterimi yap\u0131ld\u0131. E\u00dc Atat\u00fcrk \u0130lkeleri ve \u0130nk\u0131lap Tarihi B\u00f6l\u00fcm Ba\u015fkan\u0131 Prof. Dr. Hasan Mert ise \u201c Atat\u00fcrk ve Ortado\u011fu Bar\u0131\u015f\u0131\u201d konulu konferans verdi. Prof. Dr. Mert, konferans\u0131nda Mustafa Kemal Atat\u00fcrk\u2019\u00fcn o d\u00f6nemde Ortado\u011fu liderleri ile ya\u015fad\u0131\u011f\u0131 an\u0131lardan ve bar\u0131\u015f\u00e7\u0131l diyaloglar\u0131ndan \u00f6rnekler verdi.<\/p>\n<p style=\"text-align: justify;\">T\u00f6renin sonunda Atat\u00fcrk \u0130lkeleri ve \u0130nk\u0131lap Tarihi Uygulama ve Ara\u015ft\u0131rma Merkezi taraf\u0131ndan haz\u0131rlanan \u201cAtat\u00fcrk ve Okuma Tutkusu\u201d konulu sergi gezildi.<\/p>\n\n\n<style id=\"bwg-style-0\">    #bwg_container1_0 #bwg_container2_0 .bwg-container-0.bwg-standard-thumbnails {      width: 1254px;              justify-content: center;        margin:0 auto !important;              background-color: rgba(255, 255, 255, 0.00);            padding-left: 4px;      padding-top: 4px;      max-width: 100%;            }        #bwg_container1_0 #bwg_container2_0 .bwg-container-0.bwg-standard-thumbnails .bwg-item {    justify-content: flex-start;      max-width: 250px;          }    #bwg_container1_0 #bwg_container2_0 .bwg-container-0.bwg-standard-thumbnails .bwg-item a {       margin-right: 4px;       margin-bottom: 4px;    }    #bwg_container1_0 #bwg_container2_0 .bwg-container-0.bwg-standard-thumbnails .bwg-item0 {      padding: 0px;            background-color:rgba(0,0,0, 0.30);      border: 0px none #CCCCCC;      opacity: 1.00;      border-radius: 0;      box-shadow: ;    }    #bwg_container1_0 #bwg_container2_0 .bwg-container-0.bwg-standard-thumbnails .bwg-item1 img {      max-height: none;      max-width: none;      padding: 0 !important;    }         @media only screen and (min-width: 480px) {\t\t#bwg_container1_0 #bwg_container2_0 .bwg-container-0.bwg-standard-thumbnails .bwg-item1 img {\t\t\t-webkit-transition: all .3s; transition: all .3s;\t\t}\t\t#bwg_container1_0 #bwg_container2_0 .bwg-container-0.bwg-standard-thumbnails .bwg-item1 img:hover {\t\t\t-ms-transform: scale(1.08);\t\t\t-webkit-transform: scale(1.08);\t\t\ttransform: scale(1.08);\t\t}\t\t\t\t.bwg-standard-thumbnails .bwg-zoom-effect .bwg-zoom-effect-overlay {\t\t\t\t\t\tbackground-color:rgba(0,0,0, 0.3);\t\t}\t\t.bwg-standard-thumbnails .bwg-zoom-effect:hover img {\t\t\t-ms-transform: scale(1.08);\t\t\t-webkit-transform: scale(1.08);\t\t\ttransform: scale(1.08);\t\t}\t\t      }\t    #bwg_container1_0 #bwg_container2_0 .bwg-container-0.bwg-standard-thumbnails .bwg-item1 {      padding-top: 56%;    }        #bwg_container1_0 #bwg_container2_0 .bwg-container-0.bwg-standard-thumbnails .bwg-title1 {      position: absolute;      top: 0;      z-index: 100;      width: 100%;      height: 100%;      display: flex;      justify-content: center;      align-content: center;      flex-direction: column;      opacity: 0;    }\t      #bwg_container1_0 #bwg_container2_0 .bwg-container-0.bwg-standard-thumbnails .bwg-title2,    #bwg_container1_0 #bwg_container2_0 .bwg-container-0.bwg-standard-thumbnails .bwg-ecommerce2 {      color: #FFFFFF;      font-family: Ubuntu;      font-size: 16px;      font-weight: bold;      padding: 2px;      text-shadow: ;      max-height: 100%;    }    #bwg_container1_0 #bwg_container2_0 .bwg-container-0.bwg-standard-thumbnails .bwg-thumb-description span {    color: #323A45;    font-family: Ubuntu;    font-size: 12px;    max-height: 100%;    word-wrap: break-word;    }    #bwg_container1_0 #bwg_container2_0 .bwg-container-0.bwg-standard-thumbnails .bwg-play-icon2 {      font-size: 32px;    }    #bwg_container1_0 #bwg_container2_0 .bwg-container-0.bwg-standard-thumbnails .bwg-ecommerce2 {      font-size: 19.2px;      color: #323A45;    }    <\/style>    <div id=\"bwg_container1_0\"         class=\"bwg_container bwg_thumbnail bwg_thumbnails \"         data-right-click-protection=\"0\"         data-bwg=\"0\"         data-scroll=\"0\"         data-gallery-type=\"thumbnails\"         data-gallery-view-type=\"thumbnails\"         data-current-url=\"\/index.php\/wp-json\/wp\/v2\/posts\/555\"         data-lightbox-url=\"https:\/\/egeajans.ege.edu.tr\/wp-admin\/admin-ajax.php?action=GalleryBox&#038;current_view=0&#038;gallery_id=12&#038;tag=0&#038;theme_id=1&#038;shortcode_id=27&#038;sort_by=order&#038;order_by=asc&#038;current_url=%2Findex.php%2Fwp-json%2Fwp%2Fv2%2Fposts%2F555\"         data-gallery-id=\"12\"         data-popup-width=\"800\"         data-popup-height=\"500\"         data-is-album=\"gallery\"         data-buttons-position=\"bottom\">      <div id=\"bwg_container2_0\">             <div id=\"ajax_loading_0\" class=\"bwg_loading_div_1\">      <div class=\"bwg_loading_div_2\">        <div class=\"bwg_loading_div_3\">          <div id=\"loading_div_0\" class=\"bwg_spider_ajax_loading\">          <\/div>        <\/div>      <\/div>    <\/div>            <form id=\"gal_front_form_0\"              class=\"bwg-hidden\"              method=\"post\"              action=\"#\"              data-current=\"0\"              data-shortcode-id=\"27\"              data-gallery-type=\"thumbnails\"              data-gallery-id=\"12\"              data-tag=\"0\"              data-album-id=\"0\"              data-theme-id=\"1\"              data-ajax-url=\"https:\/\/egeajans.ege.edu.tr\/wp-admin\/admin-ajax.php?action=bwg_frontend_data\">          <div id=\"bwg_container3_0\" class=\"bwg-background bwg-background-0\">                <div data-max-count=\"5\"         data-thumbnail-width=\"250\"         data-bwg=\"0\"         data-gallery-id=\"12\"         data-lightbox-url=\"https:\/\/egeajans.ege.edu.tr\/wp-admin\/admin-ajax.php?action=GalleryBox&amp;current_view=0&amp;gallery_id=12&amp;tag=0&amp;theme_id=1&amp;shortcode_id=27&amp;sort_by=order&amp;order_by=asc&amp;current_url=%2Findex.php%2Fwp-json%2Fwp%2Fv2%2Fposts%2F555\"         id=\"bwg_thumbnails_0\"         class=\"bwg-container-0 bwg-thumbnails bwg-standard-thumbnails bwg-container bwg-border-box\">            <div class=\"bwg-item\">        <a class=\"bwg-a  bwg_lightbox\"  data-image-id=\"85\" href=\"https:\/\/egeajans.ege.edu.tr\/wp-content\/uploads\/photo-gallery\/0610_2020\/10_Kasim_2020_Toreni_(6).jpg?bwg=1623053369\" data-elementor-open-lightbox=\"no\">                <div class=\"bwg-item0 \">          <div class=\"bwg-item1 bwg-zoom-effect\">            <div class=\"bwg-item2\">              <img decoding=\"async\" class=\"skip-lazy bwg_standart_thumb_img_0 \"                   data-id=\"85\"                   data-width=\"1200\"                   data-height=\"798\"                   data-src=\"https:\/\/egeajans.ege.edu.tr\/wp-content\/uploads\/photo-gallery\/0610_2020\/thumb\/10_Kasim_2020_Toreni_(6).jpg?bwg=1623053369\"                   src=\"https:\/\/egeajans.ege.edu.tr\/wp-content\/uploads\/photo-gallery\/0610_2020\/thumb\/10_Kasim_2020_Toreni_(6).jpg?bwg=1623053369\"                   alt=\"egeajans.ege.edu.tr\"                   title=\"egeajans.ege.edu.tr\" \/>            <\/div>            <div class=\"bwg-zoom-effect-overlay\">              <div class=\"bwg-title1\"><div class=\"bwg-title2\">egeajans.ege.edu.tr<\/div><\/div>                                        <\/div>          <\/div>        <\/div>                        <\/a>              <\/div>            <div class=\"bwg-item\">        <a class=\"bwg-a  bwg_lightbox\"  data-image-id=\"81\" href=\"https:\/\/egeajans.ege.edu.tr\/wp-content\/uploads\/photo-gallery\/0610_2020\/10_Kasim_2020_Toreni_(4).jpg?bwg=1623053369\" data-elementor-open-lightbox=\"no\">                <div class=\"bwg-item0 \">          <div class=\"bwg-item1 bwg-zoom-effect\">            <div class=\"bwg-item2\">              <img decoding=\"async\" class=\"skip-lazy bwg_standart_thumb_img_0 \"                   data-id=\"81\"                   data-width=\"1200\"                   data-height=\"798\"                   data-src=\"https:\/\/egeajans.ege.edu.tr\/wp-content\/uploads\/photo-gallery\/0610_2020\/thumb\/10_Kasim_2020_Toreni_(4).jpg?bwg=1623053369\"                   src=\"https:\/\/egeajans.ege.edu.tr\/wp-content\/uploads\/photo-gallery\/0610_2020\/thumb\/10_Kasim_2020_Toreni_(4).jpg?bwg=1623053369\"                   alt=\"egeajans.ege.edu.tr\"                   title=\"egeajans.ege.edu.tr\" \/>            <\/div>            <div class=\"bwg-zoom-effect-overlay\">              <div class=\"bwg-title1\"><div class=\"bwg-title2\">egeajans.ege.edu.tr<\/div><\/div>                                        <\/div>          <\/div>        <\/div>                        <\/a>              <\/div>            <div class=\"bwg-item\">        <a class=\"bwg-a  bwg_lightbox\"  data-image-id=\"80\" href=\"https:\/\/egeajans.ege.edu.tr\/wp-content\/uploads\/photo-gallery\/0610_2020\/Prof._Dr._Necdet_Budak_10112020.jpg?bwg=1623053369\" data-elementor-open-lightbox=\"no\">                <div class=\"bwg-item0 \">          <div class=\"bwg-item1 bwg-zoom-effect\">            <div class=\"bwg-item2\">              <img decoding=\"async\" class=\"skip-lazy bwg_standart_thumb_img_0 \"                   data-id=\"80\"                   data-width=\"1200\"                   data-height=\"798\"                   data-src=\"https:\/\/egeajans.ege.edu.tr\/wp-content\/uploads\/photo-gallery\/0610_2020\/thumb\/Prof._Dr._Necdet_Budak_10112020.jpg?bwg=1623053369\"                   src=\"https:\/\/egeajans.ege.edu.tr\/wp-content\/uploads\/photo-gallery\/0610_2020\/thumb\/Prof._Dr._Necdet_Budak_10112020.jpg?bwg=1623053369\"                   alt=\"egeajans.ege.edu.tr\"                   title=\"egeajans.ege.edu.tr\" \/>            <\/div>            <div class=\"bwg-zoom-effect-overlay\">              <div class=\"bwg-title1\"><div class=\"bwg-title2\">egeajans.ege.edu.tr<\/div><\/div>                                        <\/div>          <\/div>        <\/div>                        <\/a>              <\/div>            <div class=\"bwg-item\">        <a class=\"bwg-a  bwg_lightbox\"  data-image-id=\"82\" href=\"https:\/\/egeajans.ege.edu.tr\/wp-content\/uploads\/photo-gallery\/0610_2020\/10_Kasim_2020_Toreni_(5).jpg?bwg=1623053369\" data-elementor-open-lightbox=\"no\">                <div class=\"bwg-item0 \">          <div class=\"bwg-item1 bwg-zoom-effect\">            <div class=\"bwg-item2\">              <img decoding=\"async\" class=\"skip-lazy bwg_standart_thumb_img_0 \"                   data-id=\"82\"                   data-width=\"1200\"                   data-height=\"798\"                   data-src=\"https:\/\/egeajans.ege.edu.tr\/wp-content\/uploads\/photo-gallery\/0610_2020\/thumb\/10_Kasim_2020_Toreni_(5).jpg?bwg=1623053369\"                   src=\"https:\/\/egeajans.ege.edu.tr\/wp-content\/uploads\/photo-gallery\/0610_2020\/thumb\/10_Kasim_2020_Toreni_(5).jpg?bwg=1623053369\"                   alt=\"egeajans.ege.edu.tr\"                   title=\"egeajans.ege.edu.tr\" \/>            <\/div>            <div class=\"bwg-zoom-effect-overlay\">              <div class=\"bwg-title1\"><div class=\"bwg-title2\">egeajans.ege.edu.tr<\/div><\/div>                                        <\/div>          <\/div>        <\/div>                        <\/a>              <\/div>            <div class=\"bwg-item\">        <a class=\"bwg-a  bwg_lightbox\"  data-image-id=\"83\" href=\"https:\/\/egeajans.ege.edu.tr\/wp-content\/uploads\/photo-gallery\/0610_2020\/10_Kasim_2020_Toreni_(2).jpg?bwg=1623053369\" data-elementor-open-lightbox=\"no\">                <div class=\"bwg-item0 \">          <div class=\"bwg-item1 bwg-zoom-effect\">            <div class=\"bwg-item2\">              <img decoding=\"async\" class=\"skip-lazy bwg_standart_thumb_img_0 \"                   data-id=\"83\"                   data-width=\"1200\"                   data-height=\"798\"                   data-src=\"https:\/\/egeajans.ege.edu.tr\/wp-content\/uploads\/photo-gallery\/0610_2020\/thumb\/10_Kasim_2020_Toreni_(2).jpg?bwg=1623053369\"                   src=\"https:\/\/egeajans.ege.edu.tr\/wp-content\/uploads\/photo-gallery\/0610_2020\/thumb\/10_Kasim_2020_Toreni_(2).jpg?bwg=1623053369\"                   alt=\"egeajans.ege.edu.tr\"                   title=\"egeajans.ege.edu.tr\" \/>            <\/div>            <div class=\"bwg-zoom-effect-overlay\">              <div class=\"bwg-title1\"><div class=\"bwg-title2\">egeajans.ege.edu.tr<\/div><\/div>                                        <\/div>          <\/div>        <\/div>                        <\/a>              <\/div>            <div class=\"bwg-item\">        <a class=\"bwg-a  bwg_lightbox\"  data-image-id=\"86\" href=\"https:\/\/egeajans.ege.edu.tr\/wp-content\/uploads\/photo-gallery\/0610_2020\/10_Kasim_2020_Toreni_(3).jpg?bwg=1623053369\" data-elementor-open-lightbox=\"no\">                <div class=\"bwg-item0 \">          <div class=\"bwg-item1 bwg-zoom-effect\">            <div class=\"bwg-item2\">              <img decoding=\"async\" class=\"skip-lazy bwg_standart_thumb_img_0 \"                   data-id=\"86\"                   data-width=\"1200\"                   data-height=\"798\"                   data-src=\"https:\/\/egeajans.ege.edu.tr\/wp-content\/uploads\/photo-gallery\/0610_2020\/thumb\/10_Kasim_2020_Toreni_(3).jpg?bwg=1623053369\"                   src=\"https:\/\/egeajans.ege.edu.tr\/wp-content\/uploads\/photo-gallery\/0610_2020\/thumb\/10_Kasim_2020_Toreni_(3).jpg?bwg=1623053369\"                   alt=\"egeajans.ege.edu.tr\"                   title=\"egeajans.ege.edu.tr\" \/>            <\/div>            <div class=\"bwg-zoom-effect-overlay\">              <div class=\"bwg-title1\"><div class=\"bwg-title2\">egeajans.ege.edu.tr<\/div><\/div>                                        <\/div>          <\/div>        <\/div>                        <\/a>              <\/div>            <div class=\"bwg-item\">        <a class=\"bwg-a  bwg_lightbox\"  data-image-id=\"84\" href=\"https:\/\/egeajans.ege.edu.tr\/wp-content\/uploads\/photo-gallery\/0610_2020\/10_Kasim_2020_Toreni_(1).jpg?bwg=1623053369\" data-elementor-open-lightbox=\"no\">                <div class=\"bwg-item0 \">          <div class=\"bwg-item1 bwg-zoom-effect\">            <div class=\"bwg-item2\">              <img decoding=\"async\" class=\"skip-lazy bwg_standart_thumb_img_0 \"                   data-id=\"84\"                   data-width=\"1200\"                   data-height=\"798\"                   data-src=\"https:\/\/egeajans.ege.edu.tr\/wp-content\/uploads\/photo-gallery\/0610_2020\/thumb\/10_Kasim_2020_Toreni_(1).jpg?bwg=1623053369\"                   src=\"https:\/\/egeajans.ege.edu.tr\/wp-content\/uploads\/photo-gallery\/0610_2020\/thumb\/10_Kasim_2020_Toreni_(1).jpg?bwg=1623053369\"                   alt=\"egeajans.ege.edu.tr\"                   title=\"egeajans.ege.edu.tr\" \/>            <\/div>            <div class=\"bwg-zoom-effect-overlay\">              <div class=\"bwg-title1\"><div class=\"bwg-title2\">egeajans.ege.edu.tr<\/div><\/div>                                        <\/div>          <\/div>        <\/div>                        <\/a>              <\/div>          <\/div>    <style>      \/*pagination styles*\/      #bwg_container1_0 #bwg_container2_0 .tablenav-pages_0 {\t\t\t\ttext-align: center;\t\t\t\tfont-size: 12px;\t\t\t\tfont-family: Ubuntu;\t\t\t\tfont-weight: bold;\t\t\t\tcolor: #666666;\t\t\t\tmargin: 6px 0 4px;\t\t\t\tdisplay: block;      }      @media only screen and (max-width : 320px) {      #bwg_container1_0 #bwg_container2_0 .displaying-num_0 {     \t display: none;      }      }      #bwg_container1_0 #bwg_container2_0 .displaying-num_0 {\t\t\t\tfont-size: 12px;\t\t\t\tfont-family: Ubuntu;\t\t\t\tfont-weight: bold;\t\t\t\tcolor: #666666;\t\t\t\tmargin-right: 10px;\t\t\t\tvertical-align: middle;      }      #bwg_container1_0 #bwg_container2_0 .paging-input_0 {\t\t\t\tfont-size: 12px;\t\t\t\tfont-family: Ubuntu;\t\t\t\tfont-weight: bold;\t\t\t\tcolor: #666666;\t\t\t\tvertical-align: middle;      }      #bwg_container1_0 #bwg_container2_0 .tablenav-pages_0 a.disabled,      #bwg_container1_0 #bwg_container2_0 .tablenav-pages_0 a.disabled:hover,      #bwg_container1_0 #bwg_container2_0 .tablenav-pages_0 a.disabled:focus,\t\t\t#bwg_container1_0 #bwg_container2_0 .tablenav-pages_0 input.bwg_current_page {\t\t\t\tcursor: default;\t\t\t\tcolor: rgba(102, 102, 102, 0.5);      }      #bwg_container1_0 #bwg_container2_0 .tablenav-pages_0 a,      #bwg_container1_0 #bwg_container2_0 .tablenav-pages_0 input.bwg_current_page {\t\t\t\tcursor: pointer;\t\t\t\ttext-align: center;\t\t\t\tfont-size: 12px;\t\t\t\tfont-family: Ubuntu;\t\t\t\tfont-weight: bold;\t\t\t\tcolor: #666666;\t\t\t\ttext-decoration: none;\t\t\t\tpadding: 3px 6px;\t\t\t\tmargin: 0;\t\t\t\tborder-radius: 0;\t\t\t\tborder-style: solid;\t\t\t\tborder-width: 1px;\t\t\t\tborder-color: #E3E3E3;\t\t\t\t\t\t\t\tbackground-color: rgba(255, 255, 255, 1.00);\t\t\t\tbox-shadow: 0;\t\t\t\ttransition: all 0.3s ease 0s;-webkit-transition: all 0.3s ease 0s;      }      <\/style>      <span class=\"bwg_nav_cont_0\">              <div class=\"tablenav-pages_0\">                  <\/div>                <input type=\"hidden\" id=\"page_number_0\" name=\"page_number_0\" value=\"1\" \/>      <script type=\"text\/javascript\">        if( jQuery('.bwg_nav_cont_0').length > 1 ) {          jQuery('.bwg_nav_cont_0').first().remove()        }        function spider_page_0(cur, x, y, load_more) {          if (typeof load_more == \"undefined\") {            var load_more = false;          }          if (jQuery(cur).hasClass('disabled')) {            return false;          }          var items_county_0 = 1;          switch (y) {            case 1:              if (x >= items_county_0) {                document.getElementById('page_number_0').value = items_county_0;              }              else {                document.getElementById('page_number_0').value = x + 1;              }              break;            case 2:              document.getElementById('page_number_0').value = items_county_0;              break;            case -1:              if (x == 1) {                document.getElementById('page_number_0').value = 1;              }              else {                document.getElementById('page_number_0').value = x - 1;              }              break;            case -2:              document.getElementById('page_number_0').value = 1;              break;\t\t\t\t\t\tcase 0:              document.getElementById('page_number_0').value = x;              break;            default:              document.getElementById('page_number_0').value = 1;          }          bwg_ajax('gal_front_form_0', '0', 'bwg_thumbnails_0', '0', '', 'gallery', 0, '', '', load_more, '', 1);        }                    jQuery('.first-page-0').on('click', function () {              spider_page_0(this, 1, -2, 'numeric');              return false;            });            jQuery('.prev-page-0').on('click', function () {              spider_page_0(this, 1, -1, 'numeric');              return false;            });            jQuery('.next-page-0').on('click', function () {              spider_page_0(this, 1, 1, 'numeric');              return false;            });            jQuery('.last-page-0').on('click', function () {              spider_page_0(this, 1, 2, 'numeric');              return false;            });        \t\t\t\t\/* Change page on input enter. *\/        function bwg_change_page_0( e, that ) {          if (  e.key == 'Enter' ) {            var to_page = parseInt(jQuery(that).val());            var pages_count = jQuery(that).parents(\".pagination-links\").data(\"pages-count\");            var current_url_param = jQuery(that).attr('data-url-info');            if (to_page > pages_count) {              to_page = 1;            }\t \t\t\t\t\t\t\t\t\t\t\t\tspider_page_0(this, to_page, 0, 'numeric');\t\t\t\t\t\t\treturn false;\t\t\t\t\t\t          }          return true;        }        jQuery('.bwg_load_btn_0').on('click', function () {            spider_page_0(this, 1, 1, true);            return false;        });      <\/script>      <\/span>                <\/div>        <\/form>        <style>          #bwg_container1_0 #bwg_container2_0 #spider_popup_overlay_0 {          background-color: #EEEEEE;          opacity: 0.60;          }          <\/style>        <div id=\"bwg_spider_popup_loading_0\" class=\"bwg_spider_popup_loading\"><\/div>        <div id=\"spider_popup_overlay_0\" class=\"spider_popup_overlay\" onclick=\"spider_destroypopup(1000)\"><\/div>        <input type=\"hidden\" id=\"bwg_random_seed_0\" value=\"1524406001\">                <\/div>    <\/div>    <script>      if (document.readyState === 'complete') {        if( typeof bwg_main_ready == 'function' ) {          if ( jQuery(\"#bwg_container1_0\").height() ) {            bwg_main_ready(jQuery(\"#bwg_container1_0\"));          }        }      } else {        document.addEventListener('DOMContentLoaded', function() {          if( typeof bwg_main_ready == 'function' ) {            if ( jQuery(\"#bwg_container1_0\").height() ) {             bwg_main_ready(jQuery(\"#bwg_container1_0\"));            }          }        });      }    <\/script>    \n","protected":false},"excerpt":{"rendered":"<p>Gazi Mustafa Kemal Atat\u00fcrk 82\u2019nci \u00f6l\u00fcm y\u0131l d\u00f6n\u00fcm\u00fcnde \u0130zmir\u2019de an\u0131ld\u0131 Prof. Dr. Budak, \u201cAtat\u00fcrk, t\u00fcm d\u00fcnyan\u0131n sayg\u0131s\u0131n\u0131 kazanm\u0131\u015f bir liderdir\u201d T\u00fcrkiye Cumhuriyeti\u2019nin kurucusu Mustafa Kemal Atat\u00fcrk,&nbsp; 82\u2019nci \u00f6l\u00fcm y\u0131l d\u00f6n\u00fcm\u00fcnde&hellip;<\/p>\n","protected":false},"author":1,"featured_media":556,"comment_status":"open","ping_status":"open","sticky":false,"template":"","format":"standard","meta":{"footnotes":""},"categories":[11,70],"tags":[158,175,163,173,172,162,52,170,12,160,168,165,123,161,174,169,171,16,164,167],"class_list":["post-555","post","type-post","status-publish","format-standard","has-post-thumbnail","hentry","category-haber","category-kampus","tag-10-kasim-toreni","tag-ataturk-ve-okuma-tutkusu","tag-ataturk-ve-ortadogu","tag-bedriye-tuncsiper","tag-cumhuriyet-bassavcisi-kamil-erkut","tag-cumhuriyet-meydani","tag-dilek-takimci","tag-ege-ordu-komutani","tag-ege-universitesi","tag-eu-akm","tag-fatih-kiziltoprak","tag-haluk-cansin","tag-izmir","tag-izmir-ataturk-kultur-merkezi","tag-izmir-universitesi","tag-izmir-valiligi","tag-korgeneral-ali-sivri","tag-prof-dr-hasan-mert","tag-son-yolculuk-belgeseli","tag-yigit-acik"],"_links":{"self":[{"href":"https:\/\/egeajans.ege.edu.tr\/index.php\/wp-json\/wp\/v2\/posts\/555","targetHints":{"allow":["GET"]}}],"collection":[{"href":"https:\/\/egeajans.ege.edu.tr\/index.php\/wp-json\/wp\/v2\/posts"}],"about":[{"href":"https:\/\/egeajans.ege.edu.tr\/index.php\/wp-json\/wp\/v2\/types\/post"}],"author":[{"embeddable":true,"href":"https:\/\/egeajans.ege.edu.tr\/index.php\/wp-json\/wp\/v2\/users\/1"}],"replies":[{"embeddable":true,"href":"https:\/\/egeajans.ege.edu.tr\/index.php\/wp-json\/wp\/v2\/comments?post=555"}],"version-history":[{"count":4,"href":"https:\/\/egeajans.ege.edu.tr\/index.php\/wp-json\/wp\/v2\/posts\/555\/revisions"}],"predecessor-version":[{"id":600,"href":"https:\/\/egeajans.ege.edu.tr\/index.php\/wp-json\/wp\/v2\/posts\/555\/revisions\/600"}],"wp:featuredmedia":[{"embeddable":true,"href":"https:\/\/egeajans.ege.edu.tr\/index.php\/wp-json\/wp\/v2\/media\/556"}],"wp:attachment":[{"href":"https:\/\/egeajans.ege.edu.tr\/index.php\/wp-json\/wp\/v2\/media?parent=555"}],"wp:term":[{"taxonomy":"category","embeddable":true,"href":"https:\/\/egeajans.ege.edu.tr\/index.php\/wp-json\/wp\/v2\/categories?post=555"},{"taxonomy":"post_tag","embeddable":true,"href":"https:\/\/egeajans.ege.edu.tr\/index.php\/wp-json\/wp\/v2\/tags?post=555"}],"curies":[{"name":"wp","href":"https:\/\/api.w.org\/{rel}","templated":true}]}}