{"id":3573,"date":"2021-05-24T06:51:55","date_gmt":"2021-05-24T06:51:55","guid":{"rendered":"https:\/\/egeajans.ege.edu.tr\/?p=3573"},"modified":"2021-05-24T06:52:06","modified_gmt":"2021-05-24T06:52:06","slug":"eu-eczacilik-fakultesi-ile-guzel-sanatlar-tasarim-ve-mimarlik-fakultesinden-anlamli-sergi","status":"publish","type":"post","link":"https:\/\/egeajans.ege.edu.tr\/index.php\/2021\/05\/24\/eu-eczacilik-fakultesi-ile-guzel-sanatlar-tasarim-ve-mimarlik-fakultesinden-anlamli-sergi\/","title":{"rendered":"E\u00dc Eczac\u0131l\u0131k Fak\u00fcltesi ile G\u00fczel Sanatlar, Tasar\u0131m ve Mimarl\u0131k Fak\u00fcltesinden Anlaml\u0131 Sergi"},"content":{"rendered":"<p style=\"text-align: justify;\"><img loading=\"lazy\" decoding=\"async\" class=\"size-medium wp-image-3575 alignleft\" src=\"http:\/\/egeajans.ege.edu.tr\/wp-content\/uploads\/2021\/05\/eczaciliksergi-2-300x200.jpg\" alt=\"\" width=\"300\" height=\"200\" srcset=\"https:\/\/egeajans.ege.edu.tr\/wp-content\/uploads\/2021\/05\/eczaciliksergi-2-300x200.jpg 300w, https:\/\/egeajans.ege.edu.tr\/wp-content\/uploads\/2021\/05\/eczaciliksergi-2-768x512.jpg 768w, https:\/\/egeajans.ege.edu.tr\/wp-content\/uploads\/2021\/05\/eczaciliksergi-2.jpg 1024w\" sizes=\"auto, (max-width: 300px) 100vw, 300px\" \/>\u201cD\u00f6n\u00fc\u015f\u00fcm\u201d sergisiyle sanat, tasar\u0131m ve eczac\u0131l\u0131k disiplinleri bir araya geldi<\/p>\n<p style=\"text-align: justify;\"><b>E\u00dc Eczac\u0131l\u0131k Fak\u00fcltesi ile G\u00fczel Sanatlar, Tasar\u0131m ve Mimarl\u0131k Fak\u00fcltesinden Anlaml\u0131 Sergi<\/b><\/p>\n<p style=\"text-align: justify;\">Ege \u00dcniversitesi (E\u00dc) Eczac\u0131l\u0131k Fak\u00fcltesi ve G\u00fczel Sanatlar, Tasar\u0131m ve Mimarl\u0131k Fak\u00fcltesi (GSTMF) i\u015f birli\u011finde Eczac\u0131l\u0131k G\u00fcn\u00fc etkinlikleri kapsam\u0131nda haz\u0131rlanan \u201cD\u00f6n\u00fc\u015f\u00fcm\u201d sergisinin a\u00e7\u0131l\u0131\u015f\u0131 ger\u00e7ekle\u015ftirildi. Serginin a\u00e7\u0131l\u0131\u015f\u0131na Ege \u00dcniversitesi Rekt\u00f6r\u00fc Prof. Dr. Necdet Budak, Eczac\u0131l\u0131k Fak\u00fcltesi Dekan\u0131 Prof. Dr. Ayfer Yal\u00e7\u0131n, GSTMF Dekan\u0131 Prof. Dr. Alev Fato\u015f Parsa ve Eczac\u0131ba\u015f\u0131 \u0130zmir B\u00f6lge m\u00fcd\u00fcrleri Cenap Ye\u015filada ve Turgay \u0130\u015fcan, akademisyenler ve \u00f6\u011frenciler kat\u0131ld\u0131.<\/p>\n<p style=\"text-align: justify;\">E\u00dc Eczac\u0131l\u0131k ile G\u00fczel Sanatlar, Tasar\u0131m ve Mimarl\u0131k Fak\u00fcltesi fak\u00fcltelerinin y\u00fcr\u00fct\u00fcc\u00fcl\u00fc\u011f\u00fcn\u00fc \u00fcstlendi\u011fi sosyal sorumluluk projelerinin \u00e7\u0131kt\u0131lar\u0131ndan biri olan \u201cD\u00f6n\u00fc\u015f\u00fcm\u201d sergisiyle farkl\u0131 disiplinler bir araya geldi. E\u00dc GSTMF G\u00f6rsel \u0130leti\u015fim Tasar\u0131m\u0131 B\u00f6l\u00fcm\u00fc \u00f6\u011frencileri, \u00d6\u011fretim G\u00f6revlisi Dr. Damla \u0130\u015fbilen\u2019in k\u00fcrat\u00f6rl\u00fc\u011f\u00fcnde Eczac\u0131l\u0131k Fak\u00fcltesi taraf\u0131ndan uzun y\u0131llard\u0131r \u00f6zenle muhafaza edilen S\u00fcleyman Ferit Eczac\u0131ba\u015f\u0131 \u015eifa Eczanesi M\u00fczesi\u2019nde sergilenen materyalleri g\u00fcn\u00fcm\u00fcze uyarlayarak yeniden tasarlad\u0131lar.<\/p>\n<p style=\"text-align: justify;\"><img loading=\"lazy\" decoding=\"async\" class=\"size-medium wp-image-3576 alignright\" src=\"http:\/\/egeajans.ege.edu.tr\/wp-content\/uploads\/2021\/05\/eczaciliksergi-4-300x200.jpg\" alt=\"\" width=\"300\" height=\"200\" \/>Serginin a\u00e7\u0131l\u0131\u015f\u0131nda konu\u015fan Ege \u00dcniversitesi Rekt\u00f6r\u00fc Prof. Dr. Say\u0131n Necdet Budak, \u201cSanat, tasar\u0131m ve eczac\u0131l\u0131k gibi farkl\u0131 disiplinlerin bulu\u015fmas\u0131ndan, \u00fcniversitemizin k\u00fclt\u00fcr ve sanat alan\u0131ndaki faaliyetlerini zenginle\u015ftirmesinden mutluluk duyuyorum. K\u00fcresel salg\u0131n s\u00fcrecinde dijital d\u00f6n\u00fc\u015f\u00fcmde ba\u015far\u0131 sa\u011flayarak, fiziksel olarak ayr\u0131 kald\u0131\u011f\u0131m\u0131z s\u00fcre boyunca her zaman \u00f6\u011frencilerimizin yan\u0131nda oldu\u011fumuzu hissetmeleri i\u00e7in elimizden geleni yapt\u0131k. Bug\u00fcn ise \u2018D\u00f6n\u00fc\u015f\u00fcm\u2019 sergisiyle ayr\u0131 kald\u0131\u011f\u0131m\u0131z \u00f6\u011frencilerimizle tekrar bir araya gelmenin mutlulu\u011funu ya\u015f\u0131yoruz. 1900\u2019l\u00fc y\u0131llar\u0131n ba\u015f\u0131nda, S\u00fcleyman Ferit Eczac\u0131ba\u015f\u0131\u2019na ait olan \u015eifa Eczanesi, 2009 y\u0131l\u0131ndan bu yana Ege \u00dcniversitesi Eczac\u0131l\u0131k Fak\u00fcltemiz b\u00fcnyesinde m\u00fcze olarak sergilenmekte ve gelecek nesiller i\u00e7in ge\u00e7mi\u015f ile g\u00fcn\u00fcm\u00fcz aras\u0131nda bir k\u00f6pr\u00fc vazifesi g\u00f6rmektedir. M\u00fcze i\u00e7erisinde sergilenen materyallerin nostaljik tasar\u0131mlar\u0131n\u0131 g\u00fcn\u00fcm\u00fcze uyarlayarak yeniden tasarlayan G\u00f6rsel \u0130leti\u015fim Tasar\u0131m\u0131 \u00f6\u011frencilerimiz, \u00fcniversitemiz b\u00fcnyesinde yer alan bu tarihi de\u011fere y\u00f6nelik fark\u0131ndal\u0131k yaratmay\u0131 ba\u015farm\u0131\u015ft\u0131r. Sergide eme\u011fi ge\u00e7en Eczac\u0131l\u0131k Fak\u00fcltesi ve G\u00fczel Sanatlar, Tasar\u0131m ve Mimarl\u0131k Fak\u00fcltesi\u2019ne te\u015fekk\u00fcr ediyorum\u201d dedi.<\/p>\n<p style=\"text-align: justify;\"><b>\u201c\u0130ki farkl\u0131 disiplinin bulu\u015fmas\u0131yla g\u00fczel bir i\u015fbirli\u011fi do\u011fdu\u201d<\/b><\/p>\n<p style=\"text-align: justify;\">E\u00dc GSTMF Dekan\u0131 Prof. Dr. Alev Fato\u015f Parsa, \u201cD\u00f6n\u00fc\u015f\u00fcm sergisi, Fak\u00fcltemizin \u2018Postmodern Grafik Tasar\u0131m ve Eczac\u0131l\u0131k\u2019 sosyal sorumluluk projesinin \u00e7\u0131kt\u0131lar\u0131ndan biridir. Burada G\u00f6rsel \u0130leti\u015fim Tasar\u0131m\u0131 b\u00f6l\u00fcm\u00fc \u00f6\u011frencilerimiz uzaktan <img loading=\"lazy\" decoding=\"async\" class=\"size-medium wp-image-3575 alignleft\" src=\"http:\/\/egeajans.ege.edu.tr\/wp-content\/uploads\/2021\/05\/eczaciliksergi-2-300x200.jpg\" alt=\"\" width=\"300\" height=\"200\" srcset=\"https:\/\/egeajans.ege.edu.tr\/wp-content\/uploads\/2021\/05\/eczaciliksergi-2-300x200.jpg 300w, https:\/\/egeajans.ege.edu.tr\/wp-content\/uploads\/2021\/05\/eczaciliksergi-2-768x512.jpg 768w, https:\/\/egeajans.ege.edu.tr\/wp-content\/uploads\/2021\/05\/eczaciliksergi-2.jpg 1024w\" sizes=\"auto, (max-width: 300px) 100vw, 300px\" \/>e\u011fitimle \u00f6zverili bir sergi haz\u0131rl\u0131\u011f\u0131 yapt\u0131lar. Ge\u00e7mi\u015ften g\u00fcn\u00fcm\u00fcze teknolojik, k\u00fclt\u00fcrel ve sosyal de\u011fi\u015fimleri izleyerek g\u00f6zlemlerini tasar\u0131m alan\u0131na uygulad\u0131lar. \u0130ki farkl\u0131 disiplinin bulu\u015fmas\u0131 ve g\u00fczel bir i\u015fbirli\u011finin do\u011fmas\u0131 bizleri olduk\u00e7a mutlu etti. Rekt\u00f6r\u00fcm\u00fcz Say\u0131n Prof. Dr. Necdet Budak\u2019\u0131n a\u00e7\u0131l\u0131\u015fta dereceye giren \u00f6\u011frencilerimize plaket takdim etmelerinin, \u015fu zor g\u00fcnlerde \u00f6\u011frencilerimizi motive etti\u011fini d\u00fc\u015f\u00fcn\u00fcyorum. Sergide eme\u011fi ge\u00e7en akademik personelimize, \u00f6\u011frencilerimize, Eczac\u0131l\u0131k Fak\u00fcltesine ve Eczac\u0131ba\u015f\u0131 Holding\u2019e te\u015fekk\u00fcr ediyoruz\u201d diye konu\u015ftu.<\/p>\n<p style=\"text-align: justify;\"><b>\u201cDijital Bir M\u00fcze Eczane Deneyimi: D\u00fcnden Bug\u00fcne Eczac\u0131l\u0131k Sanat\u0131\u201d<\/b><\/p>\n<p style=\"text-align: justify;\">E\u00dc Eczac\u0131l\u0131k Fak\u00fcltesi Dekan\u0131 Prof. Dr. Ayfer Yal\u00e7\u0131n ise \u00a0\u201cFak\u00fcltemizde konu\u015flanm\u0131\u015f bulunan S\u00fcleyman Ferit Eczac\u0131ba\u015f\u0131 \u015eifa Eczanesi M\u00fczesi muhteviyat\u0131 ile birlikte \u0130zmir ve Ege \u00dcniversitesinin de\u011ferli bir k\u00fclt\u00fcr miras\u0131d\u0131r. Bu k\u00fclt\u00fcr miras\u0131n\u0131n tan\u0131t\u0131m\u0131na katk\u0131 sunmak amac\u0131yla Fak\u00fcltemiz \u2018Dijital Bir M\u00fcze Eczane Deneyimi: D\u00fcnden Bug\u00fcne Eczac\u0131l\u0131k Sanat\u0131\u2019 sosyal sorumluluk projesini hayata ge\u00e7irmi\u015ftir. Projenin de\u011ferli \u00e7\u0131kt\u0131lar\u0131ndan biri olan \u2018D\u00f6n\u00fc\u015f\u00fcm\u2019 sergisiyle, ge\u00e7mi\u015fi insanl\u0131k tarihi kadar eski olan ancak modern kimli\u011fine kavu\u015fma s\u00fcrecinde pek \u00e7ok a\u00e7\u0131dan de\u011fi\u015fikli\u011fe u\u011fram\u0131\u015f eczac\u0131l\u0131k mesle\u011finin tasar\u0131m alan\u0131ndaki d\u00f6n\u00fc\u015f\u00fcm\u00fcne \u015fahitlik etmekteyiz. Tasar\u0131m ara\u015ft\u0131rmas\u0131 a\u015famas\u0131nda kendilerine rehberlik etti\u011fimiz, G\u00fczel Sanatlar, Tasar\u0131m ve Mimarl\u0131k Fak\u00fcltesi \u00f6\u011frencileri, m\u00fcze i\u00e7erisinde yer alan materyalleri modernize ederek yeniden tasarlad\u0131lar. Katk\u0131 ve i\u015fbirli\u011fi i\u00e7in Eczac\u0131ba\u015f\u0131 Holding ve G\u00fczel Sanatlar, Tasar\u0131m ve Mimarl\u0131k Fak\u00fcltesine te\u015fekk\u00fcr ediyoruz\u201d dedi.<\/p>\n","protected":false},"excerpt":{"rendered":"<p>\u201cD\u00f6n\u00fc\u015f\u00fcm\u201d sergisiyle sanat, tasar\u0131m ve eczac\u0131l\u0131k disiplinleri bir araya geldi E\u00dc Eczac\u0131l\u0131k Fak\u00fcltesi ile G\u00fczel Sanatlar, Tasar\u0131m ve Mimarl\u0131k Fak\u00fcltesinden Anlaml\u0131 Sergi Ege \u00dcniversitesi (E\u00dc) Eczac\u0131l\u0131k Fak\u00fcltesi ve G\u00fczel Sanatlar,&hellip;<\/p>\n","protected":false},"author":2,"featured_media":3574,"comment_status":"open","ping_status":"open","sticky":false,"template":"","format":"standard","meta":{"footnotes":""},"categories":[1,70],"tags":[],"class_list":["post-3573","post","type-post","status-publish","format-standard","has-post-thumbnail","hentry","category-gncl","category-kampus"],"_links":{"self":[{"href":"https:\/\/egeajans.ege.edu.tr\/index.php\/wp-json\/wp\/v2\/posts\/3573","targetHints":{"allow":["GET"]}}],"collection":[{"href":"https:\/\/egeajans.ege.edu.tr\/index.php\/wp-json\/wp\/v2\/posts"}],"about":[{"href":"https:\/\/egeajans.ege.edu.tr\/index.php\/wp-json\/wp\/v2\/types\/post"}],"author":[{"embeddable":true,"href":"https:\/\/egeajans.ege.edu.tr\/index.php\/wp-json\/wp\/v2\/users\/2"}],"replies":[{"embeddable":true,"href":"https:\/\/egeajans.ege.edu.tr\/index.php\/wp-json\/wp\/v2\/comments?post=3573"}],"version-history":[{"count":1,"href":"https:\/\/egeajans.ege.edu.tr\/index.php\/wp-json\/wp\/v2\/posts\/3573\/revisions"}],"predecessor-version":[{"id":3578,"href":"https:\/\/egeajans.ege.edu.tr\/index.php\/wp-json\/wp\/v2\/posts\/3573\/revisions\/3578"}],"wp:featuredmedia":[{"embeddable":true,"href":"https:\/\/egeajans.ege.edu.tr\/index.php\/wp-json\/wp\/v2\/media\/3574"}],"wp:attachment":[{"href":"https:\/\/egeajans.ege.edu.tr\/index.php\/wp-json\/wp\/v2\/media?parent=3573"}],"wp:term":[{"taxonomy":"category","embeddable":true,"href":"https:\/\/egeajans.ege.edu.tr\/index.php\/wp-json\/wp\/v2\/categories?post=3573"},{"taxonomy":"post_tag","embeddable":true,"href":"https:\/\/egeajans.ege.edu.tr\/index.php\/wp-json\/wp\/v2\/tags?post=3573"}],"curies":[{"name":"wp","href":"https:\/\/api.w.org\/{rel}","templated":true}]}}