{"id":35712,"date":"2026-09-04T13:36:34","date_gmt":"2026-09-04T13:36:34","guid":{"rendered":"https:\/\/egeajans.ege.edu.tr\/?p=35712"},"modified":"2026-09-04T13:46:44","modified_gmt":"2026-09-04T13:46:44","slug":"egeli-uzmanlar-miyopi-hastaligina-dikkat-cekti","status":"publish","type":"post","link":"https:\/\/egeajans.ege.edu.tr\/index.php\/2026\/09\/04\/egeli-uzmanlar-miyopi-hastaligina-dikkat-cekti\/","title":{"rendered":"Egeli uzmanlar miyopi hastal\u0131\u011f\u0131na dikkat \u00e7ekti"},"content":{"rendered":"<p style=\"text-align: justify;\">Ege \u00dcniversitesi T\u0131p Fak\u00fcltesi uzmanlar\u0131, \u00e7ocukluk \u00e7a\u011f\u0131nda h\u0131zla artan miyopi vakalar\u0131na dikkat \u00e7ekerek, gerekli \u00f6nlemler al\u0131nmad\u0131\u011f\u0131 takdirde gelecekte k\u00fcresel bir g\u00f6rme krizi ya\u015fanabilece\u011fi uyar\u0131s\u0131nda bulundu.<\/p>\n<p style=\"text-align: justify;\"><b>\u0130ZM\u0130R (Ege Ajans)-<\/b>\u00a0Ege \u00dcniversitesi T\u0131p Fak\u00fcltesi G\u00f6z Hastal\u0131klar\u0131 Anabilim Dal\u0131 \u00d6\u011fretim \u00dcyeleri Do\u00e7. Dr. Elif Demirk\u0131l\u0131n\u00e7 Biler ve Dr. \u00d6\u011fr. \u00dcyesi Zeynep Akg\u00fcn, modern ya\u015fam\u0131n getirdi\u011fi al\u0131\u015fkanl\u0131klarla birlikte \u00e7ocuklarda g\u00f6r\u00fclme s\u0131kl\u0131\u011f\u0131 artan miyopinin, ciddi bir halk sa\u011fl\u0131\u011f\u0131 sorununa d\u00f6n\u00fc\u015ft\u00fc\u011f\u00fcn\u00fc a\u00e7\u0131klad\u0131. Uzmanlar, \u00f6zellikle erken ya\u015fta ba\u015flayan miyopinin ilerleyen y\u0131llarda g\u00f6rme kayb\u0131na yol a\u00e7abilecek y\u00fcksek seviyelere ula\u015fabilece\u011fini vurgulayarak aileleri uyard\u0131.<\/p>\n<p style=\"text-align: justify;\">Uluslararas\u0131 Miyopi Enstit\u00fcs\u00fc taraf\u0131ndan payla\u015f\u0131lan g\u00fcncel verileri de\u011ferlendiren Do\u00e7. Dr. Elif Demirk\u0131l\u0131n\u00e7 Biler, g\u00fcn\u00fcm\u00fczde k\u00fcresel \u00f6l\u00e7ekte miyopi s\u0131kl\u0131\u011f\u0131n\u0131n yakla\u015f\u0131k y\u00fczde 30 d\u00fczeyinde seyretti\u011fini belirtti. Mevcut art\u0131\u015f e\u011filiminin s\u00fcrmesi halinde 2050 y\u0131l\u0131nda d\u00fcnya n\u00fcfusunun yakla\u015f\u0131k yar\u0131s\u0131n\u0131n miyop olabilece\u011finin \u00f6ng\u00f6r\u00fcld\u00fc\u011f\u00fcn\u00fc aktaran Do\u00e7. Dr. Biler hastal\u0131\u011f\u0131n ba\u015flama ya\u015f\u0131n\u0131n en kritik fakt\u00f6r oldu\u011funu ve miyopi ne kadar erken ya\u015fta ba\u015flarsa ilerleme s\u00fcresi de o kadar uzayaca\u011f\u0131 i\u00e7in \u00e7ocu\u011fun ilerleyen y\u0131llarda &#8220;y\u00fcksek miyopi&#8221; kategorisine girme riskinin artt\u0131\u011f\u0131n\u0131 ifade etti.<\/p>\n<p style=\"text-align: justify;\"><b>Miyopi sadece bir g\u00f6zl\u00fck numaras\u0131 art\u0131\u015f\u0131 de\u011fil<\/b><\/p>\n<p style=\"text-align: justify;\">Miyopinin yaln\u0131zca g\u00f6zl\u00fck numaras\u0131ndaki bir art\u0131\u015f olarak g\u00f6r\u00fclmemesi gerekti\u011finin alt\u0131n\u0131 \u00e7izen Do\u00e7. Dr. Demirk\u0131l\u0131n\u00e7 Biler, \u00f6zellikle y\u00fcksek miyopinin beraberinde getirdi\u011fi tehlikelere dikkat \u00e7ekti. Y\u00fcksek miyopinin ilerleyen ya\u015flarda miyopik mak\u00fclopati, retina dekolman\u0131 ve glokom gibi do\u011frudan g\u00f6rme yetisini tehdit edebilen kronik hastal\u0131klar a\u00e7\u0131s\u0131ndan ciddi bir risk olu\u015fturdu\u011funu vurgulayan Do\u00e7. Dr. Demirk\u0131l\u0131n\u00e7 Biler, \u00e7ocukluk \u00e7a\u011f\u0131nda hastal\u0131\u011f\u0131n geli\u015fimini durdurman\u0131n ve ilerlemesini yava\u015flatman\u0131n bir tercih de\u011fil, zorunluluk oldu\u011funu belirtti.<\/p>\n<p style=\"text-align: justify;\"><b>G\u00f6z sa\u011fl\u0131\u011f\u0131n\u0131 korumak i\u00e7in tavsiyeler<\/b><\/p>\n<p style=\"text-align: justify;\">G\u00f6rme sa\u011fl\u0131\u011f\u0131n\u0131 korumak ve hastal\u0131\u011f\u0131n ilerlemesini yava\u015flatmak ad\u0131na d\u00fczenli g\u00f6z muayenelerinin ihmal edilmemesi gerekti\u011fini belirten Dr. \u00d6\u011fr. \u00dcyesi Zeynep Akg\u00fcn \u201c\u00c7ocuklar\u0131n g\u00fcnde en az 1,5 saat a\u00e7\u0131k havada zaman ge\u00e7irmesi sa\u011flanmal\u0131d\u0131r. Uzun s\u00fcreli ve kesintisiz yak\u0131n \u00e7al\u0131\u015fmalardan, \u00f6zellikle tablet ve telefon gibi ekranlara uzun s\u00fcre bakmaktan ka\u00e7\u0131n\u0131lmal\u0131d\u0131r. \u00c7al\u0131\u015fma ortamlar\u0131nda \u00a0mutlaka uygun ayd\u0131nlatma sa\u011flanmal\u0131 ve ideal \u00e7al\u0131\u015fma mesafesi korunmal\u0131d\u0131r\u201d diye konu\u015ftu.<\/p>\n<p style=\"text-align: justify;\">Dr. \u00d6\u011fretim \u00dcyesi Akg\u00fcn, ayr\u0131ca, gerekli g\u00f6r\u00fclen durumlarda hekim \u00f6nerisiyle uygulanacak kan\u0131ta dayal\u0131 miyopi kontrol y\u00f6ntemlerinin ve \u00f6zel miyopi kontrol camlar\u0131n\u0131n, hastal\u0131\u011f\u0131n seyrini yava\u015flatmada b\u00fcy\u00fck ba\u015far\u0131 sa\u011flad\u0131\u011f\u0131n\u0131 ve ileri ya\u015flarda ortaya \u00e7\u0131kabilecek riskleri minimize etti\u011fini s\u00f6zlerine ekledi.<\/p>\n\n\n<figure class=\"wp-block-gallery has-nested-images columns-default is-cropped wp-block-gallery-1 is-layout-flex wp-block-gallery-is-layout-flex\">\n<figure class=\"wp-block-image size-large\"><img loading=\"lazy\" decoding=\"async\" width=\"1024\" height=\"576\" data-id=\"35720\" src=\"https:\/\/egeajans.ege.edu.tr\/wp-content\/uploads\/2026\/09\/Miyopi-Hastaligi-1920x1080_02-1024x576.jpg\" alt=\"\" class=\"wp-image-35720\" srcset=\"https:\/\/egeajans.ege.edu.tr\/wp-content\/uploads\/2026\/09\/Miyopi-Hastaligi-1920x1080_02-1024x576.jpg 1024w, https:\/\/egeajans.ege.edu.tr\/wp-content\/uploads\/2026\/09\/Miyopi-Hastaligi-1920x1080_02-300x169.jpg 300w, https:\/\/egeajans.ege.edu.tr\/wp-content\/uploads\/2026\/09\/Miyopi-Hastaligi-1920x1080_02-768x432.jpg 768w, https:\/\/egeajans.ege.edu.tr\/wp-content\/uploads\/2026\/09\/Miyopi-Hastaligi-1920x1080_02-1536x864.jpg 1536w, https:\/\/egeajans.ege.edu.tr\/wp-content\/uploads\/2026\/09\/Miyopi-Hastaligi-1920x1080_02.jpg 1920w\" sizes=\"auto, (max-width: 1024px) 100vw, 1024px\" \/><\/figure>\n\n\n\n<figure class=\"wp-block-image size-large\"><img loading=\"lazy\" decoding=\"async\" width=\"1024\" height=\"576\" data-id=\"35713\" src=\"https:\/\/egeajans.ege.edu.tr\/wp-content\/uploads\/2026\/09\/Miyopi-Doc.-Dr.-Elif-Demirkilinc-Biler-1920x180-1-1024x576.jpg\" alt=\"Do\u00e7. Dr. Elif Demirk\u0131l\u0131n\u00e7 Biler\" class=\"wp-image-35713\" srcset=\"https:\/\/egeajans.ege.edu.tr\/wp-content\/uploads\/2026\/09\/Miyopi-Doc.-Dr.-Elif-Demirkilinc-Biler-1920x180-1-1024x576.jpg 1024w, https:\/\/egeajans.ege.edu.tr\/wp-content\/uploads\/2026\/09\/Miyopi-Doc.-Dr.-Elif-Demirkilinc-Biler-1920x180-1-300x169.jpg 300w, https:\/\/egeajans.ege.edu.tr\/wp-content\/uploads\/2026\/09\/Miyopi-Doc.-Dr.-Elif-Demirkilinc-Biler-1920x180-1-768x432.jpg 768w, https:\/\/egeajans.ege.edu.tr\/wp-content\/uploads\/2026\/09\/Miyopi-Doc.-Dr.-Elif-Demirkilinc-Biler-1920x180-1-1536x864.jpg 1536w, https:\/\/egeajans.ege.edu.tr\/wp-content\/uploads\/2026\/09\/Miyopi-Doc.-Dr.-Elif-Demirkilinc-Biler-1920x180-1.jpg 1920w\" sizes=\"auto, (max-width: 1024px) 100vw, 1024px\" \/><\/figure>\n<\/figure>\n","protected":false},"excerpt":{"rendered":"<p>Ege \u00dcniversitesi T\u0131p Fak\u00fcltesi uzmanlar\u0131, \u00e7ocukluk \u00e7a\u011f\u0131nda h\u0131zla artan miyopi vakalar\u0131na dikkat \u00e7ekerek, gerekli \u00f6nlemler al\u0131nmad\u0131\u011f\u0131 takdirde gelecekte k\u00fcresel bir g\u00f6rme krizi ya\u015fanabilece\u011fi uyar\u0131s\u0131nda bulundu. \u0130ZM\u0130R (Ege Ajans)-\u00a0Ege \u00dcniversitesi T\u0131p&hellip;<\/p>\n","protected":false},"author":2,"featured_media":35715,"comment_status":"closed","ping_status":"","sticky":false,"template":"","format":"standard","meta":{"footnotes":""},"categories":[1,11,68],"tags":[66,18,319,598,558],"class_list":["post-35712","post","type-post","status-publish","format-standard","has-post-thumbnail","hentry","category-gncl","category-haber","category-saglik","tag-ege-ajans","tag-ege-university","tag-faculty-of-medicine","tag-ophthalmology-department","tag-prof-dr-musa-alci"],"_links":{"self":[{"href":"https:\/\/egeajans.ege.edu.tr\/index.php\/wp-json\/wp\/v2\/posts\/35712","targetHints":{"allow":["GET"]}}],"collection":[{"href":"https:\/\/egeajans.ege.edu.tr\/index.php\/wp-json\/wp\/v2\/posts"}],"about":[{"href":"https:\/\/egeajans.ege.edu.tr\/index.php\/wp-json\/wp\/v2\/types\/post"}],"author":[{"embeddable":true,"href":"https:\/\/egeajans.ege.edu.tr\/index.php\/wp-json\/wp\/v2\/users\/2"}],"replies":[{"embeddable":true,"href":"https:\/\/egeajans.ege.edu.tr\/index.php\/wp-json\/wp\/v2\/comments?post=35712"}],"version-history":[{"count":6,"href":"https:\/\/egeajans.ege.edu.tr\/index.php\/wp-json\/wp\/v2\/posts\/35712\/revisions"}],"predecessor-version":[{"id":35721,"href":"https:\/\/egeajans.ege.edu.tr\/index.php\/wp-json\/wp\/v2\/posts\/35712\/revisions\/35721"}],"wp:featuredmedia":[{"embeddable":true,"href":"https:\/\/egeajans.ege.edu.tr\/index.php\/wp-json\/wp\/v2\/media\/35715"}],"wp:attachment":[{"href":"https:\/\/egeajans.ege.edu.tr\/index.php\/wp-json\/wp\/v2\/media?parent=35712"}],"wp:term":[{"taxonomy":"category","embeddable":true,"href":"https:\/\/egeajans.ege.edu.tr\/index.php\/wp-json\/wp\/v2\/categories?post=35712"},{"taxonomy":"post_tag","embeddable":true,"href":"https:\/\/egeajans.ege.edu.tr\/index.php\/wp-json\/wp\/v2\/tags?post=35712"}],"curies":[{"name":"wp","href":"https:\/\/api.w.org\/{rel}","templated":true}]}}