{"id":35589,"date":"2026-08-31T10:01:46","date_gmt":"2026-08-31T10:01:46","guid":{"rendered":"https:\/\/egeajans.ege.edu.tr\/?p=35589"},"modified":"2026-08-31T10:18:27","modified_gmt":"2026-08-31T10:18:27","slug":"kuresel-deger-zincirlerinin-surdurulebilirligine-katki-sunacak-vuca-projesine-ufuk-avrupa-destegi","status":"publish","type":"post","link":"https:\/\/egeajans.ege.edu.tr\/index.php\/2026\/08\/31\/kuresel-deger-zincirlerinin-surdurulebilirligine-katki-sunacak-vuca-projesine-ufuk-avrupa-destegi\/","title":{"rendered":"K\u00fcresel de\u011fer zincirlerinin s\u00fcrd\u00fcr\u00fclebilirli\u011fine katk\u0131 sunacak \u201cVUCA\u201d projesine Ufuk Avrupa deste\u011fi"},"content":{"rendered":"<p style=\"text-align: justify;\">Ege \u00dcniversitesi, k\u00fcresel i\u015f d\u00fcnyas\u0131nda sorumlu kurumsal davran\u0131\u015flar\u0131 ve s\u00fcrd\u00fcr\u00fclebilirli\u011fi oda\u011f\u0131na alan, uluslararas\u0131 HORIZON projesinin orta\u011f\u0131 oldu.<\/p>\n<p style=\"text-align: justify;\"><b>\u0130ZM\u0130R (Ege Ajans) &#8211;<\/b>\u00a0Ege \u00dcniversitesi M\u00fchendislik Fak\u00fcltesi Tekstil M\u00fchendisli\u011fi B\u00f6l\u00fcm\u00fc Tekstil Teknolojisi Anabilim Dal\u0131 \u00f6\u011fretim \u00fcyesi Prof. Dr. Oktay Pamuk\u2019un y\u00fcr\u00fct\u00fcc\u00fcs\u00fc oldu\u011fu \u201cResearch Network for Responsible Business Conduct in VUCA Environments: agile risk-based due diligence processes in enterprises\u2019 value chains for better organisational decision-making\u201d (VUCA) ba\u015fl\u0131kl\u0131 proje Avrupa Birli\u011fi\u2019nin ara\u015ft\u0131rma ve inovasyon program\u0131 olan Ufuk Avrupa (Horizon Europe) kapsam\u0131nda desteklenmeye hak kazand\u0131.<\/p>\n<p style=\"text-align: justify;\">Projede T\u00fcrkiye\u2019den Ege \u00dcniversitesinin yan\u0131 s\u0131ra Romanya, \u0130talya, Polonya, Avusturya, Litvanya, Moldova ve Bulgaristan\u2019dan prestijli kamu ve \u00f6zel sekt\u00f6r kurumlar\u0131 yer al\u0131yor. Projede de\u011fer zincirleri, i\u015fletme faaliyetleri ve i\u015f ili\u015fkileri boyunca ortaya \u00e7\u0131kan s\u00fcrd\u00fcr\u00fclebilirlik risklerinin y\u00f6netimine y\u00f6nelik \u00e7evik, risk temelli ve kan\u0131ta dayal\u0131 durum tespiti stratejileri geli\u015ftirilerek uluslararas\u0131 ve disiplinleraras\u0131 bir ara\u015ft\u0131rma a\u011f\u0131 olu\u015fturulmas\u0131 ama\u00e7lan\u0131yor.<\/p>\n<p style=\"text-align: justify;\">Ege \u00dcniversitesi Rekt\u00f6r\u00fc Prof. Dr. Musa Alc\u0131, proje koordinat\u00f6r\u00fc Prof. Dr. Oktay Pamuk ve ekibini tebrik ederek ba\u015far\u0131lar diledi.<\/p>\n<p style=\"text-align: justify;\"><b>G\u00f6n\u00fcll\u00fc kurumsal uygulamalar yasal y\u00fck\u00fcml\u00fcl\u00fc\u011fe d\u00f6n\u00fc\u015f\u00fcyor<\/b><\/p>\n<p style=\"text-align: justify;\">\u0130\u015f d\u00fcnyas\u0131n\u0131n kar\u015f\u0131 kar\u015f\u0131ya oldu\u011fu de\u011fi\u015fken ve karma\u015f\u0131k ko\u015fullara vurgu yapan Prof. Dr. Oktay Pamuk, \u201cK\u00fcresel i\u015f ortam\u0131nda ya\u015fanan d\u00f6n\u00fc\u015f\u00fcm, \u015firketlerin insan haklar\u0131na sayg\u0131 g\u00f6sterme ve \u00e7evreyi koruma sorumlulu\u011funu, faaliyetleri ve de\u011fer zincirleri boyunca &#8216;durum tespiti&#8217; yakla\u015f\u0131m\u0131 \u00e7er\u00e7evesinde yerine getirmelerini giderek daha \u00f6nemli hale getirmektedir. Bununla birlikte, g\u00fcn\u00fcm\u00fcz\u00fcn de\u011fi\u015fken, belirsiz, karma\u015f\u0131k ve mu\u011flak (VUCA) ko\u015fullar\u0131, i\u015fletmelerin sosyal, \u00e7evresel ve teknolojik riskleri etkin bi\u00e7imde belirleme, de\u011ferlendirme ve y\u00f6netme kapasitelerini \u00f6nemli \u00f6l\u00e7\u00fcde zorlamaktad\u0131r. Avrupa Birli\u011fi Kurumsal S\u00fcrd\u00fcr\u00fclebilirlik Durum Tespiti Direktifi, firmalar\u0131n ve i\u015ftiraklerinin faaliyetlerinde ve k\u00fcresel de\u011fer zincirlerinde s\u00fcrd\u00fcr\u00fclebilir ve sorumlu kurumsal davran\u0131\u015flar\u0131 te\u015fvik etmektedir. Bu direktif, durum tespitini g\u00f6n\u00fcll\u00fc bir kurumsal uygulamadan yasal bir y\u00fck\u00fcml\u00fcl\u00fc\u011fe d\u00f6n\u00fc\u015ft\u00fcrerek i\u015fletmelerin olumsuz etkileri \u00f6nleme, azaltma ve gidermeye y\u00f6nelik sorumluluklar\u0131n\u0131 yeniden tan\u0131mlamaktad\u0131r. Bu yeni d\u00fczenleyici \u00e7er\u00e7eve, zorunlu durum tespiti uygulamalar\u0131n\u0131n geli\u015ftirilmesi, uygulanmas\u0131 ve raporlanmas\u0131na y\u00f6nelik bilgi ve kapasitenin g\u00fc\u00e7lendirilmesi amac\u0131yla ara\u015ft\u0131rmac\u0131lar, uygulay\u0131c\u0131lar ve politika yap\u0131c\u0131lar aras\u0131nda disiplinleraras\u0131 ve uluslararas\u0131 i\u015f birli\u011fini gerekli k\u0131lmaktad\u0131r\u201d dedi.<\/p>\n<p style=\"text-align: justify;\"><b>Risk y\u00f6netimi ve kurumlar aras\u0131 i\u015f birli\u011fi g\u00fc\u00e7lenecek<\/b><\/p>\n<p style=\"text-align: justify;\">Hayata ge\u00e7irilecek projenin, \u015firketlerin bu yeni yasal ve \u00e7evresel d\u00fczene adaptasyonunda kritik bir k\u00f6pr\u00fc g\u00f6revi g\u00f6rece\u011finin alt\u0131n\u0131 \u00e7izen Prof. Dr. Pamuk \u201cProje, k\u00fcresel \u00f6l\u00e7ekte artan karma\u015f\u0131kl\u0131k ve belirsizlik ortam\u0131nda g\u00fcvenilir, anlaml\u0131 ve karar almaya elveri\u015fli durum tespiti bilgilerinin \u00fcretilmesine ve kullan\u0131lmas\u0131na ili\u015fkin mevcut zorluklar\u0131 ele alacakt\u0131r. Bu do\u011frultuda, i\u015fletmelerin risk y\u00f6netimi ve karar alma s\u00fcre\u00e7lerinin g\u00fc\u00e7lendirilmesine, d\u00fczenleyici gerekliliklerle uyum kapasitelerinin art\u0131r\u0131lmas\u0131na ve sorumlu i\u015f davran\u0131\u015f\u0131n\u0131n etkin bi\u00e7imde hayata ge\u00e7irilmesine katk\u0131 sa\u011flanmas\u0131 hedeflenmektedir. Ayr\u0131ca projemiz; akademi, \u00f6zel sekt\u00f6r ve kamu kurumlar\u0131 aras\u0131nda bilgi payla\u015f\u0131m\u0131n\u0131 ve ortak \u00f6\u011frenmeyi te\u015fvik ederek, Avrupa&#8217;da zorunlu durum tespiti uygulamalar\u0131n\u0131n etkin ve s\u00fcrd\u00fcr\u00fclebilir bi\u00e7imde yayg\u0131nla\u015ft\u0131r\u0131lmas\u0131na destek olacakt\u0131r\u201d diye konu\u015ftu.<\/p>\n","protected":false},"excerpt":{"rendered":"<p>Ege \u00dcniversitesi, k\u00fcresel i\u015f d\u00fcnyas\u0131nda sorumlu kurumsal davran\u0131\u015flar\u0131 ve s\u00fcrd\u00fcr\u00fclebilirli\u011fi oda\u011f\u0131na alan, uluslararas\u0131 HORIZON projesinin orta\u011f\u0131 oldu. \u0130ZM\u0130R (Ege Ajans) &#8211;\u00a0Ege \u00dcniversitesi M\u00fchendislik Fak\u00fcltesi Tekstil M\u00fchendisli\u011fi B\u00f6l\u00fcm\u00fc Tekstil Teknolojisi Anabilim&hellip;<\/p>\n","protected":false},"author":2,"featured_media":35591,"comment_status":"closed","ping_status":"","sticky":false,"template":"","format":"standard","meta":{"footnotes":""},"categories":[99,1,70],"tags":[],"class_list":["post-35589","post","type-post","status-publish","format-standard","has-post-thumbnail","hentry","category-egitim","category-gncl","category-kampus"],"_links":{"self":[{"href":"https:\/\/egeajans.ege.edu.tr\/index.php\/wp-json\/wp\/v2\/posts\/35589","targetHints":{"allow":["GET"]}}],"collection":[{"href":"https:\/\/egeajans.ege.edu.tr\/index.php\/wp-json\/wp\/v2\/posts"}],"about":[{"href":"https:\/\/egeajans.ege.edu.tr\/index.php\/wp-json\/wp\/v2\/types\/post"}],"author":[{"embeddable":true,"href":"https:\/\/egeajans.ege.edu.tr\/index.php\/wp-json\/wp\/v2\/users\/2"}],"replies":[{"embeddable":true,"href":"https:\/\/egeajans.ege.edu.tr\/index.php\/wp-json\/wp\/v2\/comments?post=35589"}],"version-history":[{"count":2,"href":"https:\/\/egeajans.ege.edu.tr\/index.php\/wp-json\/wp\/v2\/posts\/35589\/revisions"}],"predecessor-version":[{"id":35607,"href":"https:\/\/egeajans.ege.edu.tr\/index.php\/wp-json\/wp\/v2\/posts\/35589\/revisions\/35607"}],"wp:featuredmedia":[{"embeddable":true,"href":"https:\/\/egeajans.ege.edu.tr\/index.php\/wp-json\/wp\/v2\/media\/35591"}],"wp:attachment":[{"href":"https:\/\/egeajans.ege.edu.tr\/index.php\/wp-json\/wp\/v2\/media?parent=35589"}],"wp:term":[{"taxonomy":"category","embeddable":true,"href":"https:\/\/egeajans.ege.edu.tr\/index.php\/wp-json\/wp\/v2\/categories?post=35589"},{"taxonomy":"post_tag","embeddable":true,"href":"https:\/\/egeajans.ege.edu.tr\/index.php\/wp-json\/wp\/v2\/tags?post=35589"}],"curies":[{"name":"wp","href":"https:\/\/api.w.org\/{rel}","templated":true}]}}