{"id":35423,"date":"2026-08-13T05:50:00","date_gmt":"2026-08-13T05:50:00","guid":{"rendered":"https:\/\/egeajans.ege.edu.tr\/?p=35423"},"modified":"2026-08-13T06:56:15","modified_gmt":"2026-08-13T06:56:15","slug":"ege-universitesi-asyada-saglikli-gelecegin-temellerini-atiyor","status":"publish","type":"post","link":"https:\/\/egeajans.ege.edu.tr\/index.php\/2026\/08\/13\/ege-universitesi-asyada-saglikli-gelecegin-temellerini-atiyor\/","title":{"rendered":"Ege \u00dcniversitesi Asya\u2019da sa\u011fl\u0131kl\u0131 gelece\u011fin temellerini at\u0131yor"},"content":{"rendered":"<p style=\"text-align: justify;\">\u00a0\u2018NutriHub4NCDs\u2019 projesi ile Mo\u011folistan ve Butan\u2019da kronik hastal\u0131klara sava\u015f a\u00e7\u0131ld\u0131<\/p>\n<p style=\"text-align: justify;\" align=\"center\"><b>Ege \u00dcniversitesi Asya\u2019da sa\u011fl\u0131kl\u0131 gelece\u011fin temellerini at\u0131yor<\/b><\/p>\n<p style=\"text-align: justify;\">Ege \u00dcniversitesi ARGEFAR\u2019\u0131n T\u00fcrkiye y\u00fcr\u00fct\u00fcc\u00fcl\u00fc\u011f\u00fcn\u00fc \u00fcstlendi\u011fi uluslararas\u0131 \u201cNutriHub4NCDs\u201d projesiyle; Mo\u011folistan ve Butan\u2019da sa\u011fl\u0131ks\u0131z beslenmeye ba\u011fl\u0131 kronik hastal\u0131klarla m\u00fccadele etmek amac\u0131yla modern e\u011fitim ve ara\u015ft\u0131rma merkezleri kuruluyor.<\/p>\n<p style=\"text-align: justify;\">Ege \u00dcniversitesi \u0130la\u00e7 Geli\u015ftirme ve Farmakokinetik Ara\u015ft\u0131rma-Uygulama Merkezi (ARGEFAR) T\u00fcrkiye y\u00fcr\u00fct\u00fcc\u00fcl\u00fc\u011f\u00fcnde, Avrupa Birli\u011fi destekli uluslararas\u0131 yeni bir proje ba\u015flat\u0131ld\u0131. E\u00dc M\u00fchendislik Fak\u00fcltesi G\u0131da M\u00fchendisli\u011fi B\u00f6l\u00fcm\u00fc \u00d6\u011fretim \u00dcyesi Prof. Dr. Seda Ersus\u2019un T\u00fcrkiye koordinat\u00f6rl\u00fc\u011f\u00fcn\u00fc \u00fcstlendi\u011fi, T\u0131p Fak\u00fcltesi \u00f6\u011fretim \u00fcyesi Prof. Dr. Meral Kay\u0131k\u00e7\u0131o\u011flu\u2019nun ve M\u00fchendislik Fak\u00fcltesi \u00f6\u011fretim \u00fcyesi \u00a0Prof. Dr. Hasan \u00d6zg\u00fcnay\u2019\u0131n da ara\u015ft\u0131rmac\u0131 olarak yer ald\u0131\u011f\u0131 \u201cNutriHub4NCDs\u201d projesi, Mo\u011folistan ve Butan\u2019da sa\u011fl\u0131ks\u0131z beslenme al\u0131\u015fkanl\u0131klar\u0131ndan kaynaklanan kronik hastal\u0131klar tehdidine kar\u015f\u0131 bilimsel bir kalkan olu\u015fturacak. Proje, Avrupa Birli\u011fi Erasmus-EDU-2025 CBHE program\u0131 kapsam\u0131nda destekleniyor.<\/p>\n<p style=\"text-align: justify;\">Proje kapsam\u0131nda Butan ve Mo\u011folistan\u2019da i\u015flenmi\u015f g\u0131dalar\u0131n yayg\u0131nla\u015fmas\u0131yla artan kronik hastal\u0131klar, obezite ve besin eksiklikleri ara\u015ft\u0131r\u0131lacak. B\u00f6lgedeki acil sa\u011fl\u0131k risklerine odaklanan proje ekibi, \u00e7\u00f6z\u00fcm olarak \u00fcniversiteler b\u00fcnyesinde modern e\u011fitim ve laboratuvar merkezleri (NutriHub) kurmay\u0131 hedefliyor.<\/p>\n<p style=\"text-align: justify;\">Ege \u00dcniversitesi Rekt\u00f6r\u00fc Prof. Dr. Musa Alc\u0131, proje ekibini tebrik ederek ba\u015far\u0131lar\u0131n\u0131n devam\u0131n\u0131 diledi.<\/p>\n<p style=\"text-align: justify;\"><b>\u00d6l\u00fcmlerin y\u00fczde 69\u2019u beslenmeyle ba\u011flant\u0131l\u0131<\/b><\/p>\n<p style=\"text-align: justify;\">Proje hakk\u0131nda bilgi veren Prof. Dr. Seda Ersus, \u201cMo\u011folistan ve Butan\u2019da i\u015flenmi\u015f g\u0131dalara y\u00f6nelim, kronik hastal\u0131k riskini ve obeziteyi h\u0131zla art\u0131r\u0131yor. Nitekim Butan\u2019daki \u00f6l\u00fcmlerin y\u00fczde 69\u2019u beslenmeyle do\u011frudan ba\u011flant\u0131l\u0131 bu kronik rahats\u0131zl\u0131klardan kaynaklan\u0131yor. B\u00f6lgedeki e\u011fitim ve ara\u015ft\u0131rma yetersizlikleri ise ya\u015fanan halk sa\u011fl\u0131\u011f\u0131 krizini derinle\u015ftiriyor. Projemiz, bu acil tabloya kar\u015f\u0131 toplumsal beslenme bilincini, sa\u011fl\u0131kl\u0131 g\u0131da t\u00fcketimini ve akademik altyap\u0131y\u0131 g\u00fc\u00e7lendirmek amac\u0131yla hayata ge\u00e7irildi. \u00a0Proje kapsam\u0131nda, ilgili \u00fclkelerdeki \u00fcniversitelerin akademik m\u00fcfredatlar\u0131 da \u00e7a\u011f\u0131n ihtiya\u00e7lar\u0131na g\u00f6re g\u00fcncellenecek. Kronik hastal\u0131klar\u0131n \u00f6nlenmesi, epigenetik ve klinik beslenme gibi kritik dersler e\u011fitim programlar\u0131na entegre edilecek. Kurulacak merkezler sadece \u00f6\u011frenciler i\u00e7in de\u011fil, sa\u011fl\u0131k personeli ve \u00e7ift\u00e7iler i\u00e7in de birer e\u011fitim yuvas\u0131 olacak. \u00c7evrimi\u00e7i e\u011fitim mod\u00fclleri ile desteklenecek olan proje, kan\u0131ta dayal\u0131 stratejilerle toplumda beslenme bilincini art\u0131rmay\u0131 ve sa\u011fl\u0131k i\u015f g\u00fcc\u00fcn\u00fc g\u00fc\u00e7lendirmeyi ama\u00e7l\u0131yor\u201d dedi.<\/p>\n<p style=\"text-align: justify;\"><b>Erken \u00f6l\u00fcmlerin \u00f6n\u00fcne ge\u00e7ilmesi hedefleniyor<\/b><\/p>\n<p style=\"text-align: justify;\">Projenin oda\u011f\u0131nda insan hayat\u0131n\u0131 do\u011frudan koruman\u0131n ve kronik hastal\u0131k kaynakl\u0131 erken \u00f6l\u00fcmleri engellemenin oldu\u011funu belirten Prof. Dr. Ersus, \u201cY\u00fcr\u00fct\u00fclen bu kapsaml\u0131 \u00e7al\u0131\u015fma, b\u00f6lgedeki kronik hastal\u0131klardan kaynaklanan erken \u00f6l\u00fcmleri azaltmay\u0131 temel hedef olarak belirliyor. Projenin ba\u015far\u0131yla tamamlanmas\u0131yla birlikte, Mo\u011folistan ve Butan\u2019da beslenme kaynakl\u0131 hastal\u0131klar\u0131n takibi ve \u00f6nlenmesi konusunda uluslararas\u0131 standartlarda bir ara\u015ft\u0131rma ekosistemi olu\u015fturulmu\u015f olacak\u201d diye konu\u015ftu.<\/p>\n<p style=\"text-align: justify;\">Ege \u00dcniversitesinin T\u00fcrkiye aya\u011f\u0131n\u0131n koordinat\u00f6rl\u00fc\u011f\u00fcn\u00fc \u00fcstlendi\u011fi projede; Yunanistan, \u0130talya, Mo\u011folistan ve Butan\u2019dan \u00f6nde gelen \u00fcniversiteler, sivil toplum kurulu\u015flar\u0131 ve yerel \u00e7ift\u00e7iler payda\u015f olarak yer al\u0131yor.<\/p>\n","protected":false},"excerpt":{"rendered":"<p>\u00a0\u2018NutriHub4NCDs\u2019 projesi ile Mo\u011folistan ve Butan\u2019da kronik hastal\u0131klara sava\u015f a\u00e7\u0131ld\u0131 Ege \u00dcniversitesi Asya\u2019da sa\u011fl\u0131kl\u0131 gelece\u011fin temellerini at\u0131yor Ege \u00dcniversitesi ARGEFAR\u2019\u0131n T\u00fcrkiye y\u00fcr\u00fct\u00fcc\u00fcl\u00fc\u011f\u00fcn\u00fc \u00fcstlendi\u011fi uluslararas\u0131 \u201cNutriHub4NCDs\u201d projesiyle; Mo\u011folistan ve Butan\u2019da sa\u011fl\u0131ks\u0131z&hellip;<\/p>\n","protected":false},"author":2,"featured_media":35424,"comment_status":"closed","ping_status":"","sticky":false,"template":"","format":"standard","meta":{"footnotes":""},"categories":[69,99,70,68],"tags":[],"class_list":["post-35423","post","type-post","status-publish","format-standard","has-post-thumbnail","hentry","category-bilim","category-egitim","category-kampus","category-saglik"],"_links":{"self":[{"href":"https:\/\/egeajans.ege.edu.tr\/index.php\/wp-json\/wp\/v2\/posts\/35423","targetHints":{"allow":["GET"]}}],"collection":[{"href":"https:\/\/egeajans.ege.edu.tr\/index.php\/wp-json\/wp\/v2\/posts"}],"about":[{"href":"https:\/\/egeajans.ege.edu.tr\/index.php\/wp-json\/wp\/v2\/types\/post"}],"author":[{"embeddable":true,"href":"https:\/\/egeajans.ege.edu.tr\/index.php\/wp-json\/wp\/v2\/users\/2"}],"replies":[{"embeddable":true,"href":"https:\/\/egeajans.ege.edu.tr\/index.php\/wp-json\/wp\/v2\/comments?post=35423"}],"version-history":[{"count":1,"href":"https:\/\/egeajans.ege.edu.tr\/index.php\/wp-json\/wp\/v2\/posts\/35423\/revisions"}],"predecessor-version":[{"id":35425,"href":"https:\/\/egeajans.ege.edu.tr\/index.php\/wp-json\/wp\/v2\/posts\/35423\/revisions\/35425"}],"wp:featuredmedia":[{"embeddable":true,"href":"https:\/\/egeajans.ege.edu.tr\/index.php\/wp-json\/wp\/v2\/media\/35424"}],"wp:attachment":[{"href":"https:\/\/egeajans.ege.edu.tr\/index.php\/wp-json\/wp\/v2\/media?parent=35423"}],"wp:term":[{"taxonomy":"category","embeddable":true,"href":"https:\/\/egeajans.ege.edu.tr\/index.php\/wp-json\/wp\/v2\/categories?post=35423"},{"taxonomy":"post_tag","embeddable":true,"href":"https:\/\/egeajans.ege.edu.tr\/index.php\/wp-json\/wp\/v2\/tags?post=35423"}],"curies":[{"name":"wp","href":"https:\/\/api.w.org\/{rel}","templated":true}]}}