{"id":35418,"date":"2026-08-13T06:40:44","date_gmt":"2026-08-13T06:40:44","guid":{"rendered":"https:\/\/egeajans.ege.edu.tr\/?p=35418"},"modified":"2026-08-13T06:40:44","modified_gmt":"2026-08-13T06:40:44","slug":"rektor-prof-dr-alci-myo-mudurleri-ile-bir-araya-geldi","status":"publish","type":"post","link":"https:\/\/egeajans.ege.edu.tr\/index.php\/2026\/08\/13\/rektor-prof-dr-alci-myo-mudurleri-ile-bir-araya-geldi\/","title":{"rendered":"Rekt\u00f6r Prof. Dr. Alc\u0131 MYO m\u00fcd\u00fcrleri ile bir araya geldi"},"content":{"rendered":"<p style=\"text-align: justify;\">E\u00dc \u00fcst y\u00f6netimi ile Meslek Y\u00fcksekokullar\u0131 m\u00fcd\u00fcrlerini bulu\u015fturan toplant\u0131da 2026-2027 e\u011fitim-\u00f6\u011fretim y\u0131l\u0131 haz\u0131rl\u0131klar\u0131 ve \u00fcniversite-sanayi i\u015f birli\u011fi vizyonu masaya yat\u0131r\u0131ld\u0131.<\/p>\n<p style=\"text-align: justify;\">Yeni akademik y\u0131la y\u00f6nelik haz\u0131rl\u0131klar\u0131n\u0131 s\u00fcrd\u00fcren Ege \u00dcniversitesinde Rekt\u00f6r Prof. Dr. Musa Alc\u0131 ve Rekt\u00f6r Yard\u0131mc\u0131s\u0131 Prof. Dr. Aydo\u011fan Savran,\u00a0 \u00fcniversite b\u00fcnyesinde e\u011fitim-\u00f6\u011fretim faaliyetlerini s\u00fcrd\u00fcren meslek y\u00fcksekokullar\u0131n\u0131n m\u00fcd\u00fcrleriyle bir araya geldi. Toplant\u0131da, 2026-2027 akademik y\u0131l\u0131na y\u00f6nelik haz\u0131rl\u0131klar ve hedefler ile ilgili fikir al\u0131\u015fveri\u015finde bulunuldu.<\/p>\n<p style=\"text-align: justify;\">Meslek y\u00fcksekokullar\u0131n\u0131n program \u00e7e\u015fitlili\u011fi ve uygulama odakl\u0131 e\u011fitim anlay\u0131\u015f\u0131yla nitelikli insan kayna\u011f\u0131n\u0131n yeti\u015ftirilmesinde \u00f6nemli\u00a0 rol \u00fcstlendi\u011fini belirten \u00a0Rekt\u00f6r Prof. Dr. Musa Alc\u0131, \u201cEge \u00dcniversitesi olarak, \u00f6\u011frencilerimizi sadece teorik bilgilerle de\u011fil, i\u015f d\u00fcnyas\u0131n\u0131n talep etti\u011fi pratik becerilerle de donatmay\u0131 \u00f6nceli\u011fimiz olarak g\u00f6r\u00fcyoruz. Meslek y\u00fcksekokullar\u0131m\u0131z, uygulama odakl\u0131 e\u011fitim anlay\u0131\u015f\u0131yla nitelikli insan kayna\u011f\u0131 yeti\u015ftirilmesinde hayati bir rol \u00fcstleniyor. 2026-2027 e\u011fitim-\u00f6\u011fretim y\u0131l\u0131 planlamalar\u0131m\u0131z\u0131 yaparken, sekt\u00f6r\u00fcn de\u011fi\u015fen ihtiya\u00e7lar\u0131n\u0131 merkeze al\u0131yoruz. T\u00fcm okul m\u00fcd\u00fcrlerimize ve akademisyenlerimize bu s\u00fcre\u00e7teki \u00f6zverili \u00e7al\u0131\u015fmalar\u0131 i\u00e7in te\u015fekk\u00fcr ediyorum\u201d diye konu\u015ftu.<\/p>\n<p style=\"text-align: justify;\">Toplant\u0131 kapsam\u0131nda, farkl\u0131 alanlarda uzmanla\u015fm\u0131\u015f 11 meslek y\u00fcksekokulunun y\u00fcr\u00fctt\u00fc\u011f\u00fc mevcut \u00e7al\u0131\u015fmalar tek tek de\u011ferlendirildi. \u00d6zellikle sanayinin ve i\u015f d\u00fcnyas\u0131n\u0131n h\u0131zla de\u011fi\u015fen ihtiya\u00e7lar\u0131na cevap verebilmek amac\u0131yla m\u00fcfredatlar\u0131n dinamik bir yap\u0131da tutulmas\u0131 gerekti\u011fi vurgulan\u0131rken programlar\u0131n i\u00e7eriklerinin g\u00fcncellenmesi, dijitalle\u015fme, yeni teknolojilerin e\u011fitim s\u00fcre\u00e7lerine dahil edilmesi ile \u00f6\u011frencilerin sahadaki de\u011fi\u015fimlere adaptasyonunun sa\u011flanmas\u0131 gibi konularda g\u00f6r\u00fc\u015f al\u0131\u015fveri\u015finde bulunuldu.<\/p>\n<div id='gallery-1' class='gallery galleryid-35418 gallery-columns-2 gallery-size-medium'><figure class='gallery-item'>\n\t\t\t<div class='gallery-icon landscape'>\n\t\t\t\t<a href='https:\/\/egeajans.ege.edu.tr\/wp-content\/uploads\/2026\/08\/Rektor-Prof.-Dr.-Alci-MYO-mudurleri-ile-bir-araya-geldi-2.png'><img loading=\"lazy\" decoding=\"async\" width=\"300\" height=\"169\" src=\"https:\/\/egeajans.ege.edu.tr\/wp-content\/uploads\/2026\/08\/Rektor-Prof.-Dr.-Alci-MYO-mudurleri-ile-bir-araya-geldi-2.png\" class=\"attachment-medium size-medium\" alt=\"\" \/><\/a>\n\t\t\t<\/div><\/figure><figure class='gallery-item'>\n\t\t\t<div class='gallery-icon landscape'>\n\t\t\t\t<a href='https:\/\/egeajans.ege.edu.tr\/wp-content\/uploads\/2026\/08\/Rektor-Prof.-Dr.-Alci-MYO-mudurleri-ile-bir-araya-geldi-3.png'><img loading=\"lazy\" decoding=\"async\" width=\"300\" height=\"169\" src=\"https:\/\/egeajans.ege.edu.tr\/wp-content\/uploads\/2026\/08\/Rektor-Prof.-Dr.-Alci-MYO-mudurleri-ile-bir-araya-geldi-3.png\" class=\"attachment-medium size-medium\" alt=\"\" \/><\/a>\n\t\t\t<\/div><\/figure>\n\t\t<\/div>\n\n","protected":false},"excerpt":{"rendered":"<p>E\u00dc \u00fcst y\u00f6netimi ile Meslek Y\u00fcksekokullar\u0131 m\u00fcd\u00fcrlerini bulu\u015fturan toplant\u0131da 2026-2027 e\u011fitim-\u00f6\u011fretim y\u0131l\u0131 haz\u0131rl\u0131klar\u0131 ve \u00fcniversite-sanayi i\u015f birli\u011fi vizyonu masaya yat\u0131r\u0131ld\u0131. Yeni akademik y\u0131la y\u00f6nelik haz\u0131rl\u0131klar\u0131n\u0131 s\u00fcrd\u00fcren Ege \u00dcniversitesinde Rekt\u00f6r Prof.&hellip;<\/p>\n","protected":false},"author":2,"featured_media":35421,"comment_status":"closed","ping_status":"","sticky":false,"template":"","format":"standard","meta":{"footnotes":""},"categories":[99,1,70],"tags":[],"class_list":["post-35418","post","type-post","status-publish","format-standard","has-post-thumbnail","hentry","category-egitim","category-gncl","category-kampus"],"_links":{"self":[{"href":"https:\/\/egeajans.ege.edu.tr\/index.php\/wp-json\/wp\/v2\/posts\/35418","targetHints":{"allow":["GET"]}}],"collection":[{"href":"https:\/\/egeajans.ege.edu.tr\/index.php\/wp-json\/wp\/v2\/posts"}],"about":[{"href":"https:\/\/egeajans.ege.edu.tr\/index.php\/wp-json\/wp\/v2\/types\/post"}],"author":[{"embeddable":true,"href":"https:\/\/egeajans.ege.edu.tr\/index.php\/wp-json\/wp\/v2\/users\/2"}],"replies":[{"embeddable":true,"href":"https:\/\/egeajans.ege.edu.tr\/index.php\/wp-json\/wp\/v2\/comments?post=35418"}],"version-history":[{"count":1,"href":"https:\/\/egeajans.ege.edu.tr\/index.php\/wp-json\/wp\/v2\/posts\/35418\/revisions"}],"predecessor-version":[{"id":35422,"href":"https:\/\/egeajans.ege.edu.tr\/index.php\/wp-json\/wp\/v2\/posts\/35418\/revisions\/35422"}],"wp:featuredmedia":[{"embeddable":true,"href":"https:\/\/egeajans.ege.edu.tr\/index.php\/wp-json\/wp\/v2\/media\/35421"}],"wp:attachment":[{"href":"https:\/\/egeajans.ege.edu.tr\/index.php\/wp-json\/wp\/v2\/media?parent=35418"}],"wp:term":[{"taxonomy":"category","embeddable":true,"href":"https:\/\/egeajans.ege.edu.tr\/index.php\/wp-json\/wp\/v2\/categories?post=35418"},{"taxonomy":"post_tag","embeddable":true,"href":"https:\/\/egeajans.ege.edu.tr\/index.php\/wp-json\/wp\/v2\/tags?post=35418"}],"curies":[{"name":"wp","href":"https:\/\/api.w.org\/{rel}","templated":true}]}}