{"id":3518,"date":"2021-05-19T06:42:23","date_gmt":"2021-05-19T06:42:23","guid":{"rendered":"https:\/\/egeajans.ege.edu.tr\/?p=3518"},"modified":"2021-05-19T06:42:25","modified_gmt":"2021-05-19T06:42:25","slug":"universite-rektorlerinden-filistin-icin-adalet-ve-insan-haklari-cagrisi","status":"publish","type":"post","link":"https:\/\/egeajans.ege.edu.tr\/index.php\/2021\/05\/19\/universite-rektorlerinden-filistin-icin-adalet-ve-insan-haklari-cagrisi\/","title":{"rendered":"\u00dcniversite Rekt\u00f6rlerinden Filistin i\u00e7in adalet ve insan haklar\u0131 \u00e7a\u011fr\u0131s\u0131"},"content":{"rendered":"<p style=\"text-align: justify;\"><img loading=\"lazy\" decoding=\"async\" class=\"size-medium wp-image-3520 alignleft\" src=\"http:\/\/egeajans.ege.edu.tr\/wp-content\/uploads\/2021\/05\/EGE-Universite-Rektorlerinden-Filistin-icin-adalet-ve-insan-haklari-cagrisi-3-300x169.jpg\" alt=\"\" width=\"300\" height=\"169\" \/>E\u00dc Rekt\u00f6r\u00fc Prof. Dr. Necdet Budak, bildiriyi imzalayan rekt\u00f6rler aras\u0131nda yer ald\u0131<\/p>\n<p style=\"text-align: justify;\"><b>\u00dcniversite Rekt\u00f6rlerinden Filistin i\u00e7in adalet ve insan haklar\u0131 \u00e7a\u011fr\u0131s\u0131<\/b><\/p>\n<p style=\"text-align: justify;\">Ge\u00e7ti\u011fimiz g\u00fcnlerde Y\u00fcksek\u00f6\u011fretim Kurulu taraf\u0131ndan yap\u0131lan Filistin ile ilgili kamuoyu a\u00e7\u0131klamas\u0131n\u0131n ard\u0131ndan, T\u00fcrkiye&#8217;deki 189 \u00fcniversitenin rekt\u00f6r\u00fcn\u00fcn imzas\u0131n\u0131n bulundu\u011fu bildiri, OST\u0130M Teknik \u00dcniversitesinde d\u00fczenlenen bas\u0131n toplant\u0131s\u0131yla kamuoyuna ilan edildi. Aralar\u0131nda Ege \u00dcniversitesi Rekt\u00f6r\u00fc Prof. Dr. Necdet Budak\u2019\u0131n da bulundu\u011fu 189 \u00fcniversitenin rekt\u00f6rleri, yapt\u0131klar\u0131 a\u00e7\u0131klama ile Filistin i\u00e7in adalet ve insan haklar\u0131 \u00e7a\u011fr\u0131s\u0131nda bulundular.<\/p>\n<p style=\"text-align: justify;\">Yay\u0131nlanan ortak bildiride \u015fu ifadelere yer verildi; \u201c\u0130srail, Gazze \u015feridinde yerle\u015fik sivil ve savunmas\u0131z Filistin halk\u0131na y\u00f6nelik uygulamaya geldi\u011fi ya\u015fam hakk\u0131n\u0131 ortadan kald\u0131ran \u015fiddet, bask\u0131 ve sald\u0131r\u0131lara bir yenisini daha ekleyerek bebek, \u00e7ocuk, kad\u0131n ve ya\u015fl\u0131lar d\u00e2hil \u00e7ok say\u0131da masum sivil insan\u0131 \u00f6ld\u00fcrm\u00fc\u015f, yaralam\u0131\u015f, evsiz b\u0131rakm\u0131\u015ft\u0131r.<\/p>\n<p style=\"text-align: justify;\">\u0130nsan haklar\u0131n\u0131 umursamayan ve bir ter\u00f6r devleti haline gelen \u0130srail, d\u00fcnya toplumunun g\u00f6z\u00fc \u00f6n\u00fcnde, sistematik bir soyk\u0131r\u0131m yoluyla \u00e7ocuk, kad\u0131n ve ya\u015fl\u0131 g\u00f6zetmeden sivilleri \u00f6ld\u00fcrmeye, evlerini ve topraklar\u0131n\u0131 gasp etmeye, tar\u0131m alanlar\u0131n\u0131 yok etmeye devam etmektedir. \u00a0Aral\u0131ks\u0131z devam eden kanl\u0131 sald\u0131r\u0131lar sebebiyle \u00fcniversite rekt\u00f6rleri olarak uluslararas\u0131 topluma sesleniyoruz:<\/p>\n<p style=\"text-align: justify;\">Birle\u015fmi\u015f Milletler\u2019in (BM) uluslararas\u0131 insanc\u0131l hukuk ve insan haklar\u0131 hukuku ilkeleri \u00e7er\u00e7evesinde; sald\u0131r\u0131lar, y\u0131k\u0131m ve tahliyeler durdurulmal\u0131; onurlu ya\u015fama haklar\u0131n\u0131 garanti alt\u0131na alan egemen bir devlet kurmalar\u0131 i\u00e7in Filistin toplumuna gerekli destek gecikmeksizin verilmelidir.<\/p>\n<p style=\"text-align: justify;\">Uluslararas\u0131 yarg\u0131 organlar\u0131n\u0131n 1967 y\u0131l\u0131ndan bu yana \u0130srail askeri g\u00fc\u00e7lerinin i\u015fgali alt\u0131ndaki Do\u011fu Kud\u00fcs d\u00e2hil Filistin topraklar\u0131nda yarg\u0131 yetkisine sahip olduklar\u0131na dair kararlar\u0131 mevcuttur. Bu kararlar, \u0130srail\u2019in Filistin topraklar\u0131nda i\u015flemekte oldu\u011fu su\u00e7lardan dolay\u0131 hesap vermesinin ve s\u00f6z konusu su\u00e7lar\u0131n sorumlular\u0131n\u0131n tespit edilmesinin \u00f6n\u00fcn\u00fc a\u00e7maktad\u0131r. Bu do\u011frultuda, uluslararas\u0131 insan haklar\u0131 yarg\u0131 kurumlar\u0131n\u0131 \u0130srail\u2019in hukuk ve insanl\u0131k d\u0131\u015f\u0131 bask\u0131 ve sald\u0131r\u0131lar\u0131na kar\u015f\u0131 net bir tav\u0131r tak\u0131narak g\u00f6revlerini yerine getirmeye ve sald\u0131r\u0131lar\u0131 durdurmaya davet ediyoruz. Sorumlular\u0131n yarg\u0131lanmas\u0131n\u0131 ve Filistin halk\u0131n\u0131n zararlar\u0131n\u0131n tazmin edilmesini de talep ediyoruz.<\/p>\n<p style=\"text-align: justify;\">Bu bildiride imzas\u0131 olan bizler; Filistin halk\u0131n\u0131n, en do\u011fal insan hakk\u0131 olan onurlu ya\u015fama ve m\u00fclkiyet haklar\u0131n\u0131n korunmas\u0131 hususunda verdi\u011fi m\u00fccadeleye sayg\u0131 ile destek verdi\u011fimizi ve daima yanlar\u0131nda olaca\u011f\u0131m\u0131z\u0131 beyan ediyoruz. Ayr\u0131ca, akan kan\u0131n durmas\u0131 ve Filistinli \u00e7ocuk, kad\u0131n ve ya\u015fl\u0131lar ba\u015fta olmak \u00fczere sald\u0131r\u0131lar\u0131n ortaya \u00e7\u0131kartt\u0131\u011f\u0131 ac\u0131lar\u0131n sonland\u0131r\u0131lmas\u0131 i\u00e7in arabuluculuk dahil her t\u00fcrl\u00fc insani g\u00f6revi \u00fcstlenmeye haz\u0131r oldu\u011fumuzu uluslararas\u0131 kamuoyunun bilgisine sayg\u0131yla sunar\u0131z\u201d<\/p>\n<p style=\"text-align: justify;\">Bildiri, T\u00fcrk\u00e7e, \u0130ngilizce ve Arap\u00e7a olarak okundu.<\/p>\n","protected":false},"excerpt":{"rendered":"<p>E\u00dc Rekt\u00f6r\u00fc Prof. Dr. Necdet Budak, bildiriyi imzalayan rekt\u00f6rler aras\u0131nda yer ald\u0131 \u00dcniversite Rekt\u00f6rlerinden Filistin i\u00e7in adalet ve insan haklar\u0131 \u00e7a\u011fr\u0131s\u0131 Ge\u00e7ti\u011fimiz g\u00fcnlerde Y\u00fcksek\u00f6\u011fretim Kurulu taraf\u0131ndan yap\u0131lan Filistin ile ilgili&hellip;<\/p>\n","protected":false},"author":2,"featured_media":3519,"comment_status":"open","ping_status":"open","sticky":false,"template":"","format":"standard","meta":{"footnotes":""},"categories":[1],"tags":[],"class_list":["post-3518","post","type-post","status-publish","format-standard","has-post-thumbnail","hentry","category-gncl"],"_links":{"self":[{"href":"https:\/\/egeajans.ege.edu.tr\/index.php\/wp-json\/wp\/v2\/posts\/3518","targetHints":{"allow":["GET"]}}],"collection":[{"href":"https:\/\/egeajans.ege.edu.tr\/index.php\/wp-json\/wp\/v2\/posts"}],"about":[{"href":"https:\/\/egeajans.ege.edu.tr\/index.php\/wp-json\/wp\/v2\/types\/post"}],"author":[{"embeddable":true,"href":"https:\/\/egeajans.ege.edu.tr\/index.php\/wp-json\/wp\/v2\/users\/2"}],"replies":[{"embeddable":true,"href":"https:\/\/egeajans.ege.edu.tr\/index.php\/wp-json\/wp\/v2\/comments?post=3518"}],"version-history":[{"count":1,"href":"https:\/\/egeajans.ege.edu.tr\/index.php\/wp-json\/wp\/v2\/posts\/3518\/revisions"}],"predecessor-version":[{"id":3521,"href":"https:\/\/egeajans.ege.edu.tr\/index.php\/wp-json\/wp\/v2\/posts\/3518\/revisions\/3521"}],"wp:featuredmedia":[{"embeddable":true,"href":"https:\/\/egeajans.ege.edu.tr\/index.php\/wp-json\/wp\/v2\/media\/3519"}],"wp:attachment":[{"href":"https:\/\/egeajans.ege.edu.tr\/index.php\/wp-json\/wp\/v2\/media?parent=3518"}],"wp:term":[{"taxonomy":"category","embeddable":true,"href":"https:\/\/egeajans.ege.edu.tr\/index.php\/wp-json\/wp\/v2\/categories?post=3518"},{"taxonomy":"post_tag","embeddable":true,"href":"https:\/\/egeajans.ege.edu.tr\/index.php\/wp-json\/wp\/v2\/tags?post=3518"}],"curies":[{"name":"wp","href":"https:\/\/api.w.org\/{rel}","templated":true}]}}