{"id":35144,"date":"2026-07-23T11:18:10","date_gmt":"2026-07-23T11:18:10","guid":{"rendered":"https:\/\/egeajans.ege.edu.tr\/?p=35144"},"modified":"2026-07-23T11:22:29","modified_gmt":"2026-07-23T11:22:29","slug":"ege-ve-harvard-arasinda-bilim-koprusu-kurdu","status":"publish","type":"post","link":"https:\/\/egeajans.ege.edu.tr\/index.php\/2026\/07\/23\/ege-ve-harvard-arasinda-bilim-koprusu-kurdu\/","title":{"rendered":"Ege ve Harvard aras\u0131nda bilim k\u00f6pr\u00fcs\u00fc kurdu"},"content":{"rendered":"<p align=\"justify\"><span style=\"font-family: Times New Roman, serif;\"><span style=\"font-size: large;\"><b>\u0130ZM\u0130R (Ege Ajans)-<\/b><\/span><\/span> <span style=\"font-family: Times New Roman, serif;\"><span style=\"font-size: large;\">ABD\u2019de g\u00f6rev yapan T\u00fcrk bilim insan\u0131 Prof. Dr. \u00d6mer Y\u0131lmaz, babas\u0131n\u0131n vasiyetini yerine getirmek i\u00e7in g\u00f6rev yapt\u0131\u011f\u0131 Massachusetts Teknoloji Enstit\u00fcs\u00fc (MIT), Harvard \u00dcniversitesi ve Ege \u00dcniversitesi aras\u0131nda bilimsel i\u015fbirliklerinin geli\u015fmesine katk\u0131 sa\u011fl\u0131yor. ABD&#8217;de g\u00f6rev yapan T\u00fcrk bilim insan\u0131 Prof. Dr. \u00d6mer Y\u0131lmaz, doktor babas\u0131n\u0131n vasiyetini yerine getirerek, g\u00f6rev yapt\u0131\u011f\u0131 Massachusetts Teknoloji Enstit\u00fcs\u00fc (MIT), Harvard \u00dcniversitesi ve Ege \u00dcniversitesi aras\u0131nda bilimsel i\u015fbirliklerinin geli\u015fmesine katk\u0131 sa\u011fl\u0131yor. <\/span><\/span><\/p>\n<p align=\"justify\"><span style=\"font-family: Times New Roman, serif;\"><span style=\"font-size: large;\"> MIT&#8217;de biyoloji profes\u00f6r\u00fc, Harvard T\u0131p Fak\u00fcltesinde ba\u011f\u0131rsak biyolojisi ve patolojisi alan\u0131nda \u00e7al\u0131\u015fmalar\u0131n\u0131 s\u00fcrd\u00fcren 48 ya\u015f\u0131ndaki Prof. Dr. Y\u0131lmaz, 2019&#8217;dan bu yana ara\u015ft\u0131rmalar\u0131n\u0131n bir b\u00f6l\u00fcm\u00fcn\u00fc Ege \u00dcniversitesi Solunum Ara\u015ft\u0131rmalar\u0131 Merkezinde (EgeSAM) y\u00fcr\u00fct\u00fcyor. T\u00fcrkiye ile ABD aras\u0131nda \u00f6\u011frenci ve ara\u015ft\u0131rmac\u0131 de\u011fi\u015fim programlar\u0131n\u0131n geli\u015ftirilmesine katk\u0131 sa\u011flayan Prof. Dr. Y\u0131lmaz, Amerikal\u0131 bilim insanlar\u0131n\u0131n \u0130zmir&#8217;de e\u011fitim vermesine, T\u00fcrk ara\u015ft\u0131rmac\u0131lar\u0131n ise ABD&#8217;deki laboratuvarlarda \u00e7al\u0131\u015fma imkan\u0131 bulmas\u0131na \u00f6nc\u00fcl\u00fck ediyor. \u0130ki \u00fclke aras\u0131ndaki akademik i\u015fbirliklerini g\u00fc\u00e7lendirmek i\u00e7in \u00e7al\u0131\u015fmalar y\u00fcr\u00fcten Prof. Dr. Y\u0131lmaz, ortak bilimsel projelerin hayata ge\u00e7irilmesinde aktif rol \u00fcstleniyor.<\/span><\/span><\/p>\n<p align=\"justify\"><span style=\"font-family: Times New Roman, serif;\"><span style=\"font-size: large;\"><b>Babas\u0131n\u0131n vasiyetini hayat\u0131n\u0131n merkezine koydu<\/b><\/span><\/span><\/p>\n<p align=\"justify\"><span style=\"font-family: Times New Roman, serif;\"><span style=\"font-size: large;\">Prof. Dr. \u00d6mer Y\u0131lmaz, doktor babas\u0131 Mehmet Zihni Y\u0131lmaz&#8217;\u0131 \u00f6rnek alarak kendisinin de bu mesle\u011fi se\u00e7ti\u011fini s\u00f6yledi. Babas\u0131n\u0131n 1974&#8217;te Cerrahpa\u015fa T\u0131p Fak\u00fcltesinden mezun olduktan sonra dahiliye ihtisas\u0131 i\u00e7in gitti\u011fi ABD&#8217;ye yerle\u015fti\u011fini anlatan Y\u0131lmaz, babas\u0131n\u0131n, ya\u015fam\u0131 boyunca kendilerine T\u00fcrk kimliklerini unutmamalar\u0131n\u0131 \u00f6\u011f\u00fctledi\u011fini dile getirdi. Her y\u0131l kendilerini T\u00fcrkiye&#8217;ye getiren babas\u0131n\u0131n, 2011&#8217;de vefat etmeden \u00f6nce &#8220;T\u00fcrkiye ile ba\u011f\u0131n\u0131z\u0131 koparmay\u0131n. T\u00fcrkiye&#8217;deki bilim insanlar\u0131yla birlikte \u00e7al\u0131\u015f\u0131n ve hastalara faydal\u0131 olun.&#8221; vasiyetinde bulundu\u011funu belirten Y\u0131lmaz, bunu kendisine rehber edindi\u011fini kaydetti. Prof. Dr. Y\u0131lmaz, 2019&#8217;da kat\u0131ld\u0131\u011f\u0131 bilimsel kongrede Ege \u00dcniversitesi Solunum Ara\u015ft\u0131rmalar\u0131 Merkezi M\u00fcd\u00fcr\u00fc Prof. Dr. Tuncay G\u00f6ksel ile tan\u0131\u015fmas\u0131n\u0131n ard\u0131ndan T\u00fcrkiye&#8217;de de bilimsel \u00e7al\u0131\u015fmalar y\u00fcr\u00fctmeye ba\u015flad\u0131\u011f\u0131n\u0131 ifade etti. Ege \u00dcniversitesinin davetiyle ayn\u0131 y\u0131l EgeSAM b\u00fcnyesinde ara\u015ft\u0131rmalar\u0131na ba\u015flad\u0131\u011f\u0131n\u0131 ifade eden Y\u0131lmaz, Kovid-19 salg\u0131n\u0131 s\u0131ras\u0131nda ailesiyle 2 y\u0131l \u0130zmir&#8217;de ya\u015fad\u0131\u011f\u0131n\u0131, bu s\u00fcre\u00e7te \u00e7ocuklar\u0131n\u0131n T\u00fcrkiye&#8217;de okula gitti\u011fini s\u00f6yledi.<\/span><\/span><\/p>\n<p align=\"justify\"><span style=\"color: #000000;\"><span style=\"font-family: Times New Roman, serif;\"><span style=\"font-size: large;\"><b>&#8220;Bilim k\u00f6pr\u00fcs\u00fc kurarak kendimi yararl\u0131 ve mutlu hissediyorum&#8221;<\/b><\/span><\/span><\/span><\/p>\n<p align=\"justify\"><span style=\"color: #000000;\"><span style=\"font-family: Times New Roman, serif;\"><span style=\"font-size: large;\">T\u00fcrkiye&#8217;nin kendisi i\u00e7in \u00f6zel oldu\u011funu anlatan Prof. Dr. Y\u0131lmaz, \u201cT\u00fcrkiye&#8217;ye gelince hem babam\u0131n vasiyetini yerine getiriyorum hem de \u00e7ocuklar\u0131ma bu sevgiyi a\u015f\u0131l\u0131yorum. T\u00fcrkiye \u00e7ok g\u00fczel bir \u00fclke. \u0130mkanlar dahilinde ara\u015ft\u0131rmac\u0131lar \u00e7ok iyi i\u015fler yap\u0131yor. T\u00fcrkiye ile ABD aras\u0131nda bilim k\u00f6pr\u00fcs\u00fc kurarak kendimi yararl\u0131 ve mutlu hissediyorum. T\u00fcrkiye biyoteknoloji ve t\u0131bb\u0131 bilim alanlar\u0131nda \u00e7ok b\u00fcy\u00fck ad\u0131mlar atacak. Savunma sanayisi nas\u0131l geli\u015fti, umar\u0131m biyoteknoloji alan\u0131nda da h\u0131z kazanacak\u201d dedi.<\/span><\/span><\/span><\/p>\n<p align=\"justify\"><span style=\"color: #000000;\"><span style=\"font-family: Times New Roman, serif;\"><span style=\"font-size: large;\">Prof. Dr. Y\u0131lmaz, Ege \u00dcniversitesinin bilimsel altyap\u0131s\u0131n\u0131n \u00e7ok zengin oldu\u011funu, buray\u0131 T\u00fcrkiye&#8217;de bir\u00e7ok \u00f6nemli bilimsel \u00e7al\u0131\u015fmaya imza att\u0131\u011f\u0131 i\u00e7in tercih etti\u011fini belirtti.<\/span><\/span><\/span><\/p>\n<p align=\"justify\"><span style=\"color: #000000;\"><span style=\"font-family: Times New Roman, serif;\"><span style=\"font-size: large;\">T\u00fcrk bilim insanlar\u0131yla \u00e7al\u0131\u015ft\u0131\u011f\u0131 i\u00e7in mutlu oldu\u011funu dile getiren Prof. Dr. Y\u0131lmaz, &#8220;Ege \u00dcniversitesi d\u0131\u015f\u0131nda Amerika&#8217;daki laboratuvar\u0131ma T\u00fcrkiye&#8217;nin bir\u00e7ok yerinden T\u00dcB\u0130TAK burslar\u0131yla geliyorlar. Bu burs mekanizmas\u0131n\u0131 \u00e7ok \u00f6nemsiyorum. Ger\u00e7ekten \u00f6\u011frencilere bu imkan\u0131 sunmak \u00f6nemli. Amerika&#8217;da, Avrupa&#8217;da ve \u00c7in&#8217;de bilimin nas\u0131l yap\u0131ld\u0131\u011f\u0131n\u0131 g\u00f6rmek insan\u0131 daha ileriye g\u00f6t\u00fcr\u00fcyor.&#8221; dedi. Ege \u00dcniversitesi Rekt\u00f6r\u00fc Prof. Dr. Musa Alc\u0131 ve EgeSAM M\u00fcd\u00fcr\u00fc Prof. Dr. Tuncay G\u00f6ksel ise Y\u0131lmaz&#8217;\u0131n T\u00fcrkiye sevdal\u0131s\u0131 oldu\u011funu, her konuda T\u00fcrkiye&#8217;ye ve E\u00dc&#8217;ye destek verdi\u011fini s\u00f6yledi.<\/span><\/span><\/span><\/p>\n\n\n<figure class=\"wp-block-gallery has-nested-images columns-default is-cropped wp-block-gallery-1 is-layout-flex wp-block-gallery-is-layout-flex\">\n<figure class=\"wp-block-image size-large\"><img loading=\"lazy\" decoding=\"async\" width=\"1600\" height=\"1067\" data-id=\"35148\" src=\"https:\/\/egeajans.ege.edu.tr\/wp-content\/uploads\/2026\/07\/EGESAM-Haber-23072026_02.jpeg\" alt=\"\" class=\"wp-image-35148\"\/><\/figure>\n\n\n\n<figure class=\"wp-block-image size-large\"><img loading=\"lazy\" decoding=\"async\" width=\"1600\" height=\"1067\" data-id=\"35149\" src=\"https:\/\/egeajans.ege.edu.tr\/wp-content\/uploads\/2026\/07\/EGESAM-Haber-23072026_03.jpeg.jpeg\" alt=\"\" class=\"wp-image-35149\"\/><\/figure>\n\n\n\n<figure class=\"wp-block-image size-large\"><img loading=\"lazy\" decoding=\"async\" width=\"1600\" height=\"1067\" data-id=\"35150\" src=\"https:\/\/egeajans.ege.edu.tr\/wp-content\/uploads\/2026\/07\/EGESAM-Haber-23072026_04.jpeg\" alt=\"\" class=\"wp-image-35150\"\/><\/figure>\n\n\n\n<figure class=\"wp-block-image size-large\"><img loading=\"lazy\" decoding=\"async\" width=\"1600\" height=\"1067\" data-id=\"35151\" src=\"https:\/\/egeajans.ege.edu.tr\/wp-content\/uploads\/2026\/07\/EGESAM-Haber-23072026_05.jpeg\" alt=\"\" class=\"wp-image-35151\"\/><\/figure>\n\n\n\n<figure class=\"wp-block-image size-large\"><img loading=\"lazy\" decoding=\"async\" width=\"1600\" height=\"1067\" data-id=\"35152\" src=\"https:\/\/egeajans.ege.edu.tr\/wp-content\/uploads\/2026\/07\/EGESAM-Haber-23072026_06.jpeg\" alt=\"\" class=\"wp-image-35152\"\/><\/figure>\n\n\n\n<figure class=\"wp-block-image size-large\"><img loading=\"lazy\" decoding=\"async\" width=\"1952\" height=\"1138\" data-id=\"35146\" src=\"https:\/\/egeajans.ege.edu.tr\/wp-content\/uploads\/2026\/07\/EUTF-EGESAM-vs-Harvard-HD-2026.jpg\" alt=\"\" class=\"wp-image-35146\"\/><\/figure>\n<\/figure>\n","protected":false},"excerpt":{"rendered":"<p>\u0130ZM\u0130R (Ege Ajans)- ABD\u2019de g\u00f6rev yapan T\u00fcrk bilim insan\u0131 Prof. Dr. \u00d6mer Y\u0131lmaz, babas\u0131n\u0131n vasiyetini yerine getirmek i\u00e7in g\u00f6rev yapt\u0131\u011f\u0131 Massachusetts Teknoloji Enstit\u00fcs\u00fc (MIT), Harvard \u00dcniversitesi ve Ege \u00dcniversitesi aras\u0131nda&hellip;<\/p>\n","protected":false},"author":2,"featured_media":35146,"comment_status":"closed","ping_status":"","sticky":false,"template":"","format":"standard","meta":{"footnotes":""},"categories":[69,1,11,68],"tags":[554,8,558,560,556,555,559,557],"class_list":["post-35144","post","type-post","status-publish","format-standard","has-post-thumbnail","hentry","category-bilim","category-gncl","category-haber","category-saglik","tag-chest-diseases","tag-ege-university-faculty-of-medicine","tag-prof-dr-musa-alci","tag-prof-dr-omer-yilmaz","tag-prof-dr-tahir-yagdi-2","tag-prof-dr-tahir-yagdi","tag-prof-dr-tuncay-goksel","tag-translational-pulmonary-research-center"],"_links":{"self":[{"href":"https:\/\/egeajans.ege.edu.tr\/index.php\/wp-json\/wp\/v2\/posts\/35144","targetHints":{"allow":["GET"]}}],"collection":[{"href":"https:\/\/egeajans.ege.edu.tr\/index.php\/wp-json\/wp\/v2\/posts"}],"about":[{"href":"https:\/\/egeajans.ege.edu.tr\/index.php\/wp-json\/wp\/v2\/types\/post"}],"author":[{"embeddable":true,"href":"https:\/\/egeajans.ege.edu.tr\/index.php\/wp-json\/wp\/v2\/users\/2"}],"replies":[{"embeddable":true,"href":"https:\/\/egeajans.ege.edu.tr\/index.php\/wp-json\/wp\/v2\/comments?post=35144"}],"version-history":[{"count":3,"href":"https:\/\/egeajans.ege.edu.tr\/index.php\/wp-json\/wp\/v2\/posts\/35144\/revisions"}],"predecessor-version":[{"id":35147,"href":"https:\/\/egeajans.ege.edu.tr\/index.php\/wp-json\/wp\/v2\/posts\/35144\/revisions\/35147"}],"wp:featuredmedia":[{"embeddable":true,"href":"https:\/\/egeajans.ege.edu.tr\/index.php\/wp-json\/wp\/v2\/media\/35146"}],"wp:attachment":[{"href":"https:\/\/egeajans.ege.edu.tr\/index.php\/wp-json\/wp\/v2\/media?parent=35144"}],"wp:term":[{"taxonomy":"category","embeddable":true,"href":"https:\/\/egeajans.ege.edu.tr\/index.php\/wp-json\/wp\/v2\/categories?post=35144"},{"taxonomy":"post_tag","embeddable":true,"href":"https:\/\/egeajans.ege.edu.tr\/index.php\/wp-json\/wp\/v2\/tags?post=35144"}],"curies":[{"name":"wp","href":"https:\/\/api.w.org\/{rel}","templated":true}]}}