{"id":35060,"date":"2026-07-20T06:52:30","date_gmt":"2026-07-20T06:52:30","guid":{"rendered":"https:\/\/egeajans.ege.edu.tr\/?p=35060"},"modified":"2026-07-22T13:03:37","modified_gmt":"2026-07-22T13:03:37","slug":"egeli-akademisyen-prof-dr-fedakara-unescodan-onemli-gorev","status":"publish","type":"post","link":"https:\/\/egeajans.ege.edu.tr\/index.php\/2026\/07\/20\/egeli-akademisyen-prof-dr-fedakara-unescodan-onemli-gorev\/","title":{"rendered":"Egeli Akademisyen Prof. Dr. Fedakar\u2019a UNESCO\u2019dan \u00f6nemli g\u00f6rev"},"content":{"rendered":"<p style=\"text-align: justify;\">Ege \u00dcniversitesi T\u00fcrk D\u00fcnyas\u0131 Ara\u015ft\u0131rmalar\u0131 Enstit\u00fcs\u00fc \u00d6\u011fretim \u00dcyesi Prof. Dr. P\u0131nar Fedakar, UNESCO T\u00fcrkiye Milli Ege \u00dcniversitesi T\u00fcrk D\u00fcnyas\u0131 Ara\u015ft\u0131rmalar\u0131 Enstit\u00fcs\u00fc T\u00fcrk Halk Bilimi Anabilim Dal\u0131 \u00d6\u011fretim \u00dcyesi Prof. Dr. P\u0131nar Fedakar, UNESCO T\u00fcrkiye Mill\u00ee Komisyonu (UTMK) b\u00fcnyesinde yer alan \u201cSomut Olmayan K\u00fclt\u00fcrel Miras \u0130htisas Komitesi\u201d \u00fcyeli\u011fine davet edildi. UNESCO&#8217;nun ama\u00e7 ve ideallerinin T\u00fcrkiye&#8217;nin \u00f6ncelikleri do\u011frultusunda hayata ge\u00e7irilmesine y\u00f6nelik stratejik \u00e7al\u0131\u015fmalar y\u00fcr\u00fcten komitede g\u00f6rev alacak olan Prof. Dr. Fedakar, k\u00fclt\u00fcrel miras\u0131n korunmas\u0131 ve gelecek nesillere aktar\u0131lmas\u0131 s\u00fcre\u00e7lerine katk\u0131 sunacak.<\/p>\n<p style=\"text-align: justify;\">Ege \u00dcniversitesi Rekt\u00f6r\u00fc Prof. Dr. Musa Alc\u0131, \u201c\u00dcniversitemiz T\u00fcrk D\u00fcnyas\u0131 Ara\u015ft\u0131rmalar\u0131 Enstit\u00fcs\u00fc T\u00fcrk Halk Bilimi Anabilim Dal\u0131 \u00d6\u011fretim \u00dcyesi Prof. Dr. P\u0131nar Fedakar\u2019\u0131n, bilgi birikimiyle \u00fclkemizin somut olmayan k\u00fclt\u00fcrel miras\u0131na y\u00f6nelik \u00e7al\u0131\u015fmalarda \u00f6nemli izler b\u0131rakaca\u011f\u0131na inan\u0131yorum. Kendisini bu ba\u015far\u0131s\u0131ndan dolay\u0131 kutluyor, yeni g\u00f6revinde ba\u015far\u0131lar diliyorum\u201d dedi.<\/p>\n<p style=\"text-align: justify;\">UNESCO T\u00fcrkiye Mill\u00ee Komisyonu taraf\u0131ndan ger\u00e7ekle\u015ftirilen Y\u00f6netim Kurulu toplant\u0131s\u0131nda al\u0131nan karar do\u011frultusunda, Prof. Dr. P\u0131nar Fedakar\u2019\u0131n akademik tecr\u00fcbesinin ve uzmanl\u0131k alan\u0131n\u0131n UNESCO ideallerinin T\u00fcrkiye\u2019de uygulanmas\u0131nda b\u00fcy\u00fck fayda sa\u011flayaca\u011f\u0131 vurguland\u0131. Prof. Dr. P\u0131nar Fedakar, yeni g\u00f6revi kapsam\u0131nda UNESCO\u2019nun k\u00fcresel koruma stratejileri ile T\u00fcrkiye\u2019nin yerel k\u00fclt\u00fcrel dinamikleri aras\u0131nda k\u00f6pr\u00fc kurarak, somut olmayan miras\u0131n ya\u015fat\u0131lmas\u0131na y\u00f6nelik projelerde aktif rol alacak.<\/p>\n<p style=\"text-align: justify;\">\n","protected":false},"excerpt":{"rendered":"<p>Ege \u00dcniversitesi T\u00fcrk D\u00fcnyas\u0131 Ara\u015ft\u0131rmalar\u0131 Enstit\u00fcs\u00fc \u00d6\u011fretim \u00dcyesi Prof. Dr. P\u0131nar Fedakar, UNESCO T\u00fcrkiye Milli Ege \u00dcniversitesi T\u00fcrk D\u00fcnyas\u0131 Ara\u015ft\u0131rmalar\u0131 Enstit\u00fcs\u00fc T\u00fcrk Halk Bilimi Anabilim Dal\u0131 \u00d6\u011fretim \u00dcyesi Prof. Dr.&hellip;<\/p>\n","protected":false},"author":2,"featured_media":35105,"comment_status":"open","ping_status":"open","sticky":false,"template":"","format":"standard","meta":{"footnotes":""},"categories":[1,11],"tags":[],"class_list":["post-35060","post","type-post","status-publish","format-standard","has-post-thumbnail","hentry","category-gncl","category-haber"],"_links":{"self":[{"href":"https:\/\/egeajans.ege.edu.tr\/index.php\/wp-json\/wp\/v2\/posts\/35060","targetHints":{"allow":["GET"]}}],"collection":[{"href":"https:\/\/egeajans.ege.edu.tr\/index.php\/wp-json\/wp\/v2\/posts"}],"about":[{"href":"https:\/\/egeajans.ege.edu.tr\/index.php\/wp-json\/wp\/v2\/types\/post"}],"author":[{"embeddable":true,"href":"https:\/\/egeajans.ege.edu.tr\/index.php\/wp-json\/wp\/v2\/users\/2"}],"replies":[{"embeddable":true,"href":"https:\/\/egeajans.ege.edu.tr\/index.php\/wp-json\/wp\/v2\/comments?post=35060"}],"version-history":[{"count":1,"href":"https:\/\/egeajans.ege.edu.tr\/index.php\/wp-json\/wp\/v2\/posts\/35060\/revisions"}],"predecessor-version":[{"id":35062,"href":"https:\/\/egeajans.ege.edu.tr\/index.php\/wp-json\/wp\/v2\/posts\/35060\/revisions\/35062"}],"wp:featuredmedia":[{"embeddable":true,"href":"https:\/\/egeajans.ege.edu.tr\/index.php\/wp-json\/wp\/v2\/media\/35105"}],"wp:attachment":[{"href":"https:\/\/egeajans.ege.edu.tr\/index.php\/wp-json\/wp\/v2\/media?parent=35060"}],"wp:term":[{"taxonomy":"category","embeddable":true,"href":"https:\/\/egeajans.ege.edu.tr\/index.php\/wp-json\/wp\/v2\/categories?post=35060"},{"taxonomy":"post_tag","embeddable":true,"href":"https:\/\/egeajans.ege.edu.tr\/index.php\/wp-json\/wp\/v2\/tags?post=35060"}],"curies":[{"name":"wp","href":"https:\/\/api.w.org\/{rel}","templated":true}]}}