{"id":34355,"date":"2026-06-15T08:02:54","date_gmt":"2026-06-15T08:02:54","guid":{"rendered":"https:\/\/egeajans.ege.edu.tr\/?p=34355"},"modified":"2026-06-15T11:01:03","modified_gmt":"2026-06-15T11:01:03","slug":"ege-universitesi-havacilikta-zirveye-ucuyor","status":"publish","type":"post","link":"https:\/\/egeajans.ege.edu.tr\/index.php\/2026\/06\/15\/ege-universitesi-havacilikta-zirveye-ucuyor\/","title":{"rendered":"Ege \u00dcniversitesi havac\u0131l\u0131kta zirveye u\u00e7uyor"},"content":{"rendered":"<p style=\"text-align: justify;\">E\u00dc\u2019de \u201cAVISION: \u0130zmir Havac\u0131l\u0131k Vizyon Bulu\u015fmas\u0131 ve U\u00e7ak Teslim T\u00f6reni\u201d d\u00fczenlendi<\/p>\n<p style=\"text-align: justify;\">Ege \u00dcniversitesi Havac\u0131l\u0131k Meslek Y\u00fcksekokulu ev sahipli\u011finde ger\u00e7ekle\u015ftirilen program kapsam\u0131nda, hem uluslararas\u0131 ba\u015far\u0131lar \u00f6d\u00fcllendirildi hem de okulun e\u011fitim envanterine kat\u0131lan S-2E u\u00e7a\u011f\u0131n\u0131n teslim t\u00f6reni ger\u00e7ekle\u015ftirildi.<\/p>\n<p style=\"text-align: justify;\">Ege \u00dcniversitesi Havac\u0131l\u0131k Meslek Y\u00fcksekokulu, havac\u0131l\u0131k sekt\u00f6r\u00fcn\u00fcn \u00f6nc\u00fc kurulu\u015flar\u0131n\u0131 ve gelece\u011fin havac\u0131lar\u0131n\u0131 \u201cAVISION: \u0130zmir Havac\u0131l\u0131k Vizyon Bulu\u015fmas\u0131\u201dnda bir araya getirdi. Ahmet Ero\u011flu E\u011fitim Tesisinde d\u00fczenlenen organizasyon; D\u00fcnya Havac\u0131 Kad\u0131nlar Enstit\u00fcs\u00fc (iWOAW) Havac\u0131 Kad\u0131nlar Haftas\u0131 Uluslararas\u0131 \u00d6d\u00fcl T\u00f6reni ve S-2E u\u00e7a\u011f\u0131n\u0131n resmi teslim t\u00f6renine sahne oldu. Etkinli\u011fe \u0130zmir Vali Yard\u0131mc\u0131s\u0131 Mehmet Sad\u0131k Tun\u00e7, Gaziemir Kaymakam\u0131 Kudret Kurnaz, Ege \u00dcniversitesi Rekt\u00f6r Yard\u0131mc\u0131s\u0131 Prof. Dr. Aydo\u011fan Savran, Havac\u0131l\u0131k Meslek Y\u00fcksekokulu M\u00fcd\u00fcr\u00fc Prof. Dr. R\u00fcstem Bar\u0131\u015f Ye\u015filay, havac\u0131l\u0131k ve savunma sanayiinin \u00f6nde gelen temsilcileri kat\u0131ld\u0131.<\/p>\n<p style=\"text-align: justify;\">\u00a0\u00a0\u00a0\u00a0\u00a0\u00a0\u00a0\u00a0 Program\u0131n a\u00e7\u0131l\u0131\u015f\u0131nda konu\u015fan Prof. Dr. R\u00fcstem Bar\u0131\u015f Ye\u015filay, \u201cCumhurba\u015fkanl\u0131\u011f\u0131 Savunma Sanayi Ba\u015fkanl\u0131\u011f\u0131m\u0131z\u0131n de\u011ferli destekleriyle, okulumuzdaki laboratuvar ve at\u00f6lyelerini \u00e7ok daha ileri bir noktaya ta\u015f\u0131yoruz. Nitelikli bir mesleki e\u011fitim sunabilmenin yolu, hi\u00e7 \u015f\u00fcphesiz sanayi ile omuz omuza \u00e7al\u0131\u015fmaktan ge\u00e7iyor. Bu do\u011frultuda, sekt\u00f6r\u00fcm\u00fcz\u00fcn gurur kaynaklar\u0131 olan; TUSA\u015e, TEI ve ASELSAN ile ger\u00e7ekle\u015ftirdi\u011fimiz g\u00f6r\u00fc\u015fmeler sonucunda, e\u011fitim altyap\u0131m\u0131z\u0131 g\u00fc\u00e7lendirmeye y\u00f6nelik dev ad\u0131mlar att\u0131k. TEI taraf\u0131ndan Y\u00fcksekokulumuza u\u00e7ak motoru par\u00e7alar\u0131, CNC i\u015fleme merkezi ve kritik test cihazlar\u0131 sa\u011flan\u0131rken; TUSA\u015e ise kompozit malzemeler, ANKA motoru, ilk prototip H\u00dcRJET u\u00e7a\u011f\u0131 par\u00e7alar\u0131 ve bug\u00fcn gururla teslim alaca\u011f\u0131m\u0131z S-2E Tracker u\u00e7a\u011f\u0131 ile g\u00fcc\u00fcm\u00fcze g\u00fc\u00e7 katm\u0131\u015ft\u0131r. Uygulamal\u0131 e\u011fitim olanaklar\u0131m\u0131z\u0131 adeta e\u015fsiz bir noktaya ta\u015f\u0131yan t\u00fcm bu destekler; \u00fcniversite, sanayi ve kamu i\u015f birli\u011fimizi peki\u015ftirerek e\u011fitim kalitemize muazzam bir katk\u0131 sa\u011flayacakt\u0131r\u201d dedi.<\/p>\n<p style=\"text-align: justify;\"><b>\u201cG\u00fc\u00e7l\u00fc bir gelecek, g\u00fc\u00e7l\u00fc insan kayna\u011f\u0131 ile in\u015fa edilir\u201d<\/b><\/p>\n<p style=\"text-align: justify;\">T\u00f6rende konu\u015fan Gaziemir Kaymakam\u0131 Kudret Kurnaz, hibe edilen u\u00e7a\u011f\u0131n \u00f6\u011frencilerin mesleki geli\u015fimine b\u00fcy\u00fck de\u011fer kataca\u011f\u0131n\u0131 belirterek, \u201cSon y\u0131llarda \u00fclkemizin havac\u0131l\u0131k ve savunma sanayiinde ortaya koydu\u011fu ba\u015far\u0131lar hepimize gurur vermektedir. Ancak biliyoruz ki g\u00fc\u00e7l\u00fc bir gelecek, g\u00fc\u00e7l\u00fc insan kayna\u011f\u0131 ile in\u015fa edilir. Bu nedenle \u00fcniversitelerimizin ve meslek y\u00fcksekokullar\u0131m\u0131z\u0131n yeti\u015ftirdi\u011fi gen\u00e7ler, \u00fclkemizin havac\u0131l\u0131k vizyonunun en de\u011ferli unsurlar\u0131d\u0131r. E\u011fitim ama\u00e7l\u0131 olarak kullan\u0131lacak bu u\u00e7a\u011f\u0131n \u00f6\u011frencilerimizin mesleki geli\u015fimlerine \u00f6nemli katk\u0131lar sa\u011flayaca\u011f\u0131na ve gelece\u011fin havac\u0131l\u0131k profesyonellerinin yeti\u015fmesine de\u011fer kataca\u011f\u0131na inan\u0131yorum\u201d diye konu\u015ftu.<\/p>\n<p style=\"text-align: justify;\"><b>\u201cNitelikli insan kayna\u011f\u0131 savunma sanayiinin temelidir\u201d<\/b><\/p>\n<p style=\"text-align: justify;\">Savunma Sanayii Ba\u015fkanl\u0131\u011f\u0131 (SSB) Havac\u0131l\u0131k ve Uzay Sekt\u00f6r M\u00fcd\u00fcr\u00fc Hande \u00dcnal ise savunma sanayiinde ula\u015f\u0131lan seviyenin devaml\u0131l\u0131\u011f\u0131 i\u00e7in kurgulanan teknolojik i\u015f birli\u011fi mekanizmalar\u0131na dikkat \u00e7ekti. \u00dcnal, &#8220;Savunma sanayiinde elde etti\u011fimiz kazan\u0131mlar\u0131n s\u00fcrd\u00fcr\u00fclebilirli\u011finin sa\u011flanmas\u0131ndaki en temel unsur, hi\u00e7 \u015f\u00fcphesiz ekosistemimizin ihtiya\u00e7 duydu\u011fu nitelikli insan kayna\u011f\u0131n\u0131n yeti\u015ftirilmesidir\u201d dedi.<\/p>\n<p style=\"text-align: justify;\"><b>Gen\u00e7 Yetenekler Milli Projelerde Omuz Omuza G\u00f6rev Alacak<\/b><\/p>\n<p style=\"text-align: justify;\">TUSA\u015e Kurumsal Geli\u015ftirme M\u00fcd\u00fcr\u00fc \u00c7a\u011fr\u0131 G\u00fcr\u00e7a\u011flar, teslim edilen S-2E Tracker u\u00e7a\u011f\u0131n\u0131n, \u00f6\u011frencilerin teorik bilgilerini prati\u011fe d\u00f6kmesinde b\u00fcy\u00fck rol oynayaca\u011f\u0131n\u0131 belirterek; bu s\u0131ralarda yeti\u015fen gen\u00e7lerin gelecekte KAAN, G\u00d6KBEY, H\u00dcRJET ve yerli uydu projelerinde kendileriyle omuz omuza g\u00f6rev alaca\u011f\u0131na olan inanc\u0131n\u0131 dile getirdi.<\/p>\n<p style=\"text-align: justify;\">Havac\u0131l\u0131k Meslek Y\u00fcksekokulu\u2019nun teknik donan\u0131m\u0131yla yaratt\u0131\u011f\u0131 farka dikkat \u00e7eken Havac\u0131l\u0131k ve Uzay K\u00fcmelenmesi Derne\u011fi Genel Sekreteri Yal\u00e7\u0131n Y\u0131lmazkaya ise temel ama\u00e7lar\u0131n\u0131n buradan mezun olan her gencin d\u00fcnyan\u0131n d\u00f6rt bir yan\u0131nda ba\u015f\u0131 dik bir \u015fekilde \u00e7al\u0131\u015fabilmesi oldu\u011funu vurgulad\u0131.<\/p>\n<p style=\"text-align: justify;\"><b>Havalimanlar\u0131nda Dijital D\u00f6n\u00fc\u015f\u00fcm ve \u0130zmir&#8217;in K\u00fcresel Ba\u015far\u0131s\u0131<\/b><\/p>\n<p style=\"text-align: justify;\">Sekt\u00f6r\u00fcn gelece\u011fine dair vizyoner bir projeksiyon sunan TAV Ege Terminal \u0130\u015fletme M\u00fcd\u00fcr\u00fc Meryem Sar\u0131er Nural, g\u00fcn\u00fcm\u00fczde havalimanlar\u0131n\u0131n dijital birer ekosisteme d\u00f6n\u00fc\u015ft\u00fc\u011f\u00fcn\u00fc aktard\u0131.<\/p>\n<p style=\"text-align: justify;\">Hava ve uzay ekosistemlerinde toplumsal cinsiyet dengesini geli\u015ftirebilmek amac\u0131 ile 13 y\u0131ld\u0131r D\u00fcnya Havac\u0131 Kad\u0131nlar Haftas\u0131 (WOAW) konusunda T\u00fcrkiye ve KKTC WOAW organizat\u00f6rlerine rehberlik sunan ve bu y\u0131l da, &#8220;D\u00fcnyan\u0131n En Yarat\u0131c\u0131 Influenceri | Most Prolific Influencer Worldwide&#8221; \u00f6d\u00fcl\u00fcn\u00fc kazanan Havac\u0131l\u0131k Emek\u00e7isi U\u00e7ak Y. M\u00fchendisi Can Erel, \u201cMost Female Friendly Aviation Community Worldwide \u2013 D\u00fcnyan\u0131n Kad\u0131na En Duyarl\u0131 Havac\u0131l\u0131k Toplumu\u201d \u00f6d\u00fcl\u00fcn\u00fcn \u0130zmir&#8217;e verilmesinin \u00f6nemine de\u011finerek, bu ba\u015far\u0131n\u0131n elde edilmesinde Ege \u00dcniversitesi Havac\u0131l\u0131k Meslek Y\u00fcksekokulu ile T\u00fcrk Hava Kurumu Menemen, Menderes ve Torbal\u0131 \u015eubeleri taraf\u0131ndan y\u00fcr\u00fct\u00fclen \u00e7al\u0131\u015fmalar\u0131n ve g\u00f6n\u00fcll\u00fclerin katk\u0131lar\u0131n\u0131n b\u00fcy\u00fck rol oynad\u0131\u011f\u0131n\u0131 ifade etti.<\/p>\n<p style=\"text-align: justify;\"><b>\u201cD\u00fcnyan\u0131n Kad\u0131na En Duyarl\u0131 Havac\u0131l\u0131k Toplumu\u201d \u00f6d\u00fcl\u00fc<\/b><\/p>\n<p style=\"text-align: justify;\">Program\u0131n \u00f6d\u00fcl t\u00f6reni b\u00f6l\u00fcm\u00fc, D\u00fcnya Havac\u0131 Kad\u0131nlar Enstit\u00fcs\u00fc (iWOAW) Ba\u015fkan\u0131 Mireille Goyer&#8217;in video mesaj\u0131yla ba\u015flad\u0131. Ard\u0131ndan, \u0130zmir&#8217;de ger\u00e7ekle\u015ftirilen D\u00fcnya Havac\u0131 Kad\u0131nlar Haftas\u0131 etkinlikleri sonucunda kente kazand\u0131r\u0131lan \u201cMost Female Friendly Aviation Community Worldwide \u2013 D\u00fcnyan\u0131n Kad\u0131na En Duyarl\u0131 Havac\u0131l\u0131k Toplumu\u201d \u00f6d\u00fcl\u00fc, Ege \u00dcniversitesi Havac\u0131l\u0131k Meslek Y\u00fcksekokulu \u00f6\u011fretim elemanlar\u0131 \u00d6\u011fr. G\u00f6r. \u00d6zde Y\u0131lmaz \u015eenol ve Dr. \u00d6\u011fr. \u00dcyesi Deniz Macit taraf\u0131ndan \u0130zmir Vali Yard\u0131mc\u0131s\u0131 Mehmet Sad\u0131k Tun\u00e7&#8217;a takdim edildi.<\/p>\n<p style=\"text-align: justify;\">Etkinlik kapsam\u0131nda ayr\u0131ca D\u00fcnya Havac\u0131 Kad\u0131nlar Haftas\u0131 organizasyonlar\u0131n\u0131n son \u00fc\u00e7 y\u0131ld\u0131r koordinasyonunu y\u00fcr\u00fcten \u00d6\u011fr. G\u00f6r. \u00d6zde Y\u0131lmaz \u015eenol&#8217;un uluslararas\u0131 ba\u015far\u0131lar\u0131 da payla\u015f\u0131ld\u0131. \u015eenol, iWOAW taraf\u0131ndan 2024 y\u0131l\u0131nda \u201cCreator of the Week &#8211; Best Artwork\u201d, 2025 y\u0131l\u0131nda \u201cCreator of the Week &#8211; Best Video\u201d ve 2026 y\u0131l\u0131nda \u201cMost Acclaimed Organizer Worldwide Award\u201d \u00f6d\u00fcllerine lay\u0131k g\u00f6r\u00fcld\u00fc.<\/p>\n<p style=\"text-align: justify;\">Etkinli\u011fin son b\u00f6l\u00fcm\u00fcnde ise hibe edilen u\u00e7a\u011f\u0131n s\u00f6k\u00fcm\u00fc, ta\u015f\u0131nmas\u0131 ve Vecihi H\u00fcrku\u015f Hangar\u0131&#8217;na kurulum s\u00fcre\u00e7lerinde \u00fcst\u00fcn gayret g\u00f6steren teknik ekibe te\u015fekk\u00fcr edildi. T\u00f6ren, kat\u0131l\u0131mc\u0131lar\u0131n S-2E\/T e\u011fitim u\u00e7a\u011f\u0131n\u0131 Vecihi H\u00fcrku\u015f Hangar\u0131&#8217;nda yerinde incelemesiyle son buldu.<\/p>\n<div id='gallery-1' class='gallery galleryid-34355 gallery-columns-8 gallery-size-medium'><figure class='gallery-item'>\n\t\t\t<div class='gallery-icon landscape'>\n\t\t\t\t<a href='https:\/\/egeajans.ege.edu.tr\/wp-content\/uploads\/2026\/06\/2-32.jpg'><img loading=\"lazy\" decoding=\"async\" width=\"300\" height=\"169\" src=\"https:\/\/egeajans.ege.edu.tr\/wp-content\/uploads\/2026\/06\/2-32.jpg\" class=\"attachment-medium size-medium\" alt=\"\" \/><\/a>\n\t\t\t<\/div><\/figure><figure class='gallery-item'>\n\t\t\t<div class='gallery-icon landscape'>\n\t\t\t\t<a href='https:\/\/egeajans.ege.edu.tr\/wp-content\/uploads\/2026\/06\/3-26.jpg'><img loading=\"lazy\" decoding=\"async\" width=\"300\" height=\"169\" src=\"https:\/\/egeajans.ege.edu.tr\/wp-content\/uploads\/2026\/06\/3-26.jpg\" class=\"attachment-medium size-medium\" alt=\"\" \/><\/a>\n\t\t\t<\/div><\/figure><figure class='gallery-item'>\n\t\t\t<div class='gallery-icon landscape'>\n\t\t\t\t<a href='https:\/\/egeajans.ege.edu.tr\/wp-content\/uploads\/2026\/06\/4-25.jpg'><img loading=\"lazy\" decoding=\"async\" width=\"300\" height=\"169\" src=\"https:\/\/egeajans.ege.edu.tr\/wp-content\/uploads\/2026\/06\/4-25.jpg\" class=\"attachment-medium size-medium\" alt=\"\" \/><\/a>\n\t\t\t<\/div><\/figure><figure class='gallery-item'>\n\t\t\t<div class='gallery-icon landscape'>\n\t\t\t\t<a href='https:\/\/egeajans.ege.edu.tr\/wp-content\/uploads\/2026\/06\/5-22.jpg'><img loading=\"lazy\" decoding=\"async\" width=\"300\" height=\"169\" src=\"https:\/\/egeajans.ege.edu.tr\/wp-content\/uploads\/2026\/06\/5-22.jpg\" class=\"attachment-medium size-medium\" alt=\"\" \/><\/a>\n\t\t\t<\/div><\/figure><figure class='gallery-item'>\n\t\t\t<div class='gallery-icon landscape'>\n\t\t\t\t<a href='https:\/\/egeajans.ege.edu.tr\/wp-content\/uploads\/2026\/06\/6-20.jpg'><img loading=\"lazy\" decoding=\"async\" width=\"300\" height=\"169\" src=\"https:\/\/egeajans.ege.edu.tr\/wp-content\/uploads\/2026\/06\/6-20.jpg\" class=\"attachment-medium size-medium\" alt=\"\" \/><\/a>\n\t\t\t<\/div><\/figure><figure class='gallery-item'>\n\t\t\t<div class='gallery-icon landscape'>\n\t\t\t\t<a href='https:\/\/egeajans.ege.edu.tr\/wp-content\/uploads\/2026\/06\/7-12.jpg'><img loading=\"lazy\" decoding=\"async\" width=\"300\" height=\"169\" src=\"https:\/\/egeajans.ege.edu.tr\/wp-content\/uploads\/2026\/06\/7-12.jpg\" class=\"attachment-medium size-medium\" alt=\"\" \/><\/a>\n\t\t\t<\/div><\/figure><figure class='gallery-item'>\n\t\t\t<div class='gallery-icon landscape'>\n\t\t\t\t<a href='https:\/\/egeajans.ege.edu.tr\/wp-content\/uploads\/2026\/06\/8-8.jpg'><img loading=\"lazy\" decoding=\"async\" width=\"300\" height=\"169\" src=\"https:\/\/egeajans.ege.edu.tr\/wp-content\/uploads\/2026\/06\/8-8.jpg\" class=\"attachment-medium size-medium\" alt=\"\" \/><\/a>\n\t\t\t<\/div><\/figure><figure class='gallery-item'>\n\t\t\t<div class='gallery-icon landscape'>\n\t\t\t\t<a href='https:\/\/egeajans.ege.edu.tr\/wp-content\/uploads\/2026\/06\/9-5.jpg'><img loading=\"lazy\" decoding=\"async\" width=\"300\" height=\"169\" src=\"https:\/\/egeajans.ege.edu.tr\/wp-content\/uploads\/2026\/06\/9-5.jpg\" class=\"attachment-medium size-medium\" alt=\"\" \/><\/a>\n\t\t\t<\/div><\/figure><figure class='gallery-item'>\n\t\t\t<div class='gallery-icon landscape'>\n\t\t\t\t<a href='https:\/\/egeajans.ege.edu.tr\/wp-content\/uploads\/2026\/06\/10-3.jpg'><img loading=\"lazy\" decoding=\"async\" width=\"300\" height=\"169\" src=\"https:\/\/egeajans.ege.edu.tr\/wp-content\/uploads\/2026\/06\/10-3.jpg\" class=\"attachment-medium size-medium\" alt=\"\" \/><\/a>\n\t\t\t<\/div><\/figure><figure class='gallery-item'>\n\t\t\t<div class='gallery-icon landscape'>\n\t\t\t\t<a href='https:\/\/egeajans.ege.edu.tr\/wp-content\/uploads\/2026\/06\/11-2.jpg'><img loading=\"lazy\" decoding=\"async\" width=\"300\" height=\"169\" src=\"https:\/\/egeajans.ege.edu.tr\/wp-content\/uploads\/2026\/06\/11-2.jpg\" class=\"attachment-medium size-medium\" alt=\"\" \/><\/a>\n\t\t\t<\/div><\/figure><figure class='gallery-item'>\n\t\t\t<div class='gallery-icon landscape'>\n\t\t\t\t<a href='https:\/\/egeajans.ege.edu.tr\/wp-content\/uploads\/2026\/06\/12-2.jpg'><img loading=\"lazy\" decoding=\"async\" width=\"300\" height=\"169\" src=\"https:\/\/egeajans.ege.edu.tr\/wp-content\/uploads\/2026\/06\/12-2.jpg\" class=\"attachment-medium size-medium\" alt=\"\" \/><\/a>\n\t\t\t<\/div><\/figure><figure class='gallery-item'>\n\t\t\t<div class='gallery-icon landscape'>\n\t\t\t\t<a href='https:\/\/egeajans.ege.edu.tr\/wp-content\/uploads\/2026\/06\/13-2.jpg'><img loading=\"lazy\" decoding=\"async\" width=\"300\" height=\"169\" src=\"https:\/\/egeajans.ege.edu.tr\/wp-content\/uploads\/2026\/06\/13-2.jpg\" class=\"attachment-medium size-medium\" alt=\"\" \/><\/a>\n\t\t\t<\/div><\/figure><figure class='gallery-item'>\n\t\t\t<div class='gallery-icon landscape'>\n\t\t\t\t<a href='https:\/\/egeajans.ege.edu.tr\/wp-content\/uploads\/2026\/06\/14-2.jpg'><img loading=\"lazy\" decoding=\"async\" width=\"300\" height=\"169\" src=\"https:\/\/egeajans.ege.edu.tr\/wp-content\/uploads\/2026\/06\/14-2.jpg\" class=\"attachment-medium size-medium\" alt=\"\" \/><\/a>\n\t\t\t<\/div><\/figure><figure class='gallery-item'>\n\t\t\t<div class='gallery-icon landscape'>\n\t\t\t\t<a href='https:\/\/egeajans.ege.edu.tr\/wp-content\/uploads\/2026\/06\/15-1.jpg'><img loading=\"lazy\" decoding=\"async\" width=\"300\" height=\"169\" src=\"https:\/\/egeajans.ege.edu.tr\/wp-content\/uploads\/2026\/06\/15-1.jpg\" class=\"attachment-medium size-medium\" alt=\"\" \/><\/a>\n\t\t\t<\/div><\/figure><figure class='gallery-item'>\n\t\t\t<div class='gallery-icon landscape'>\n\t\t\t\t<a href='https:\/\/egeajans.ege.edu.tr\/wp-content\/uploads\/2026\/06\/16-1.jpg'><img loading=\"lazy\" decoding=\"async\" width=\"300\" height=\"169\" src=\"https:\/\/egeajans.ege.edu.tr\/wp-content\/uploads\/2026\/06\/16-1.jpg\" class=\"attachment-medium size-medium\" alt=\"\" \/><\/a>\n\t\t\t<\/div><\/figure>\n\t\t<\/div>\n\n<p style=\"text-align: justify;\">\n","protected":false},"excerpt":{"rendered":"<p>E\u00dc\u2019de \u201cAVISION: \u0130zmir Havac\u0131l\u0131k Vizyon Bulu\u015fmas\u0131 ve U\u00e7ak Teslim T\u00f6reni\u201d d\u00fczenlendi Ege \u00dcniversitesi Havac\u0131l\u0131k Meslek Y\u00fcksekokulu ev sahipli\u011finde ger\u00e7ekle\u015ftirilen program kapsam\u0131nda, hem uluslararas\u0131 ba\u015far\u0131lar \u00f6d\u00fcllendirildi hem de okulun e\u011fitim envanterine&hellip;<\/p>\n","protected":false},"author":2,"featured_media":34356,"comment_status":"open","ping_status":"open","sticky":false,"template":"","format":"standard","meta":{"footnotes":""},"categories":[69,99,1,11,70],"tags":[],"class_list":["post-34355","post","type-post","status-publish","format-standard","has-post-thumbnail","hentry","category-bilim","category-egitim","category-gncl","category-haber","category-kampus"],"_links":{"self":[{"href":"https:\/\/egeajans.ege.edu.tr\/index.php\/wp-json\/wp\/v2\/posts\/34355","targetHints":{"allow":["GET"]}}],"collection":[{"href":"https:\/\/egeajans.ege.edu.tr\/index.php\/wp-json\/wp\/v2\/posts"}],"about":[{"href":"https:\/\/egeajans.ege.edu.tr\/index.php\/wp-json\/wp\/v2\/types\/post"}],"author":[{"embeddable":true,"href":"https:\/\/egeajans.ege.edu.tr\/index.php\/wp-json\/wp\/v2\/users\/2"}],"replies":[{"embeddable":true,"href":"https:\/\/egeajans.ege.edu.tr\/index.php\/wp-json\/wp\/v2\/comments?post=34355"}],"version-history":[{"count":2,"href":"https:\/\/egeajans.ege.edu.tr\/index.php\/wp-json\/wp\/v2\/posts\/34355\/revisions"}],"predecessor-version":[{"id":34402,"href":"https:\/\/egeajans.ege.edu.tr\/index.php\/wp-json\/wp\/v2\/posts\/34355\/revisions\/34402"}],"wp:featuredmedia":[{"embeddable":true,"href":"https:\/\/egeajans.ege.edu.tr\/index.php\/wp-json\/wp\/v2\/media\/34356"}],"wp:attachment":[{"href":"https:\/\/egeajans.ege.edu.tr\/index.php\/wp-json\/wp\/v2\/media?parent=34355"}],"wp:term":[{"taxonomy":"category","embeddable":true,"href":"https:\/\/egeajans.ege.edu.tr\/index.php\/wp-json\/wp\/v2\/categories?post=34355"},{"taxonomy":"post_tag","embeddable":true,"href":"https:\/\/egeajans.ege.edu.tr\/index.php\/wp-json\/wp\/v2\/tags?post=34355"}],"curies":[{"name":"wp","href":"https:\/\/api.w.org\/{rel}","templated":true}]}}