{"id":33788,"date":"2026-05-15T04:39:00","date_gmt":"2026-05-15T04:39:00","guid":{"rendered":"https:\/\/egeajans.ege.edu.tr\/?p=33788"},"modified":"2026-05-15T07:41:14","modified_gmt":"2026-05-15T07:41:14","slug":"egeli-gencler-kariyer-ve-bilim-senligi-kapsaminda-sektor-temsilcileriyle-bulustu","status":"publish","type":"post","link":"https:\/\/egeajans.ege.edu.tr\/index.php\/2026\/05\/15\/egeli-gencler-kariyer-ve-bilim-senligi-kapsaminda-sektor-temsilcileriyle-bulustu\/","title":{"rendered":"Egeli gen\u00e7ler \u201cKariyer ve Bilim \u015eenli\u011fi\u201d kapsam\u0131nda sekt\u00f6r temsilcileriyle bulu\u015ftu"},"content":{"rendered":"<p style=\"text-align: justify;\">\u00d6\u011frencilerin sekt\u00f6rle bulu\u015fmas\u0131 ve kariyer f\u0131rsatlar\u0131 yakalamas\u0131 ad\u0131na \u201c\u0130novasyon ve Gelecek\u201d mottosuyla d\u00fczenlenen \u201cEge \u00dcniversitesi Kariyer ve Bilim \u015eenli\u011fi\u201d kap\u0131lar\u0131n\u0131 a\u00e7t\u0131. Prof. Dr. Yusuf Vardar M\u00d6TBE K\u00fclt\u00fcr Merkezi \u00f6n\u00fcnde kurulan stantlarda \u00e7e\u015fitli sekt\u00f6rlerin temsilcileri ve \u00f6\u011frenciler bir araya gelerek bilgi al\u0131\u015fveri\u015finde bulundu. Ege \u00dcniversitesi Rekt\u00f6r\u00fc Prof. Dr. Musa Alc\u0131, kurulan stantlar\u0131 ziyaret ederek \u00f6\u011frencilerin \u015fenlik heyecan\u0131na ortak oldu.<\/p>\n<p style=\"text-align: justify;\">Ege \u00dcniversitesi<b>\u00a0(<\/b>E\u00dc) Ara\u015ft\u0131rma Odakl\u0131 \u00d6\u011frenci Merkezi ile Kariyer Planlama ve Ba\u015far\u0131 Koordinat\u00f6rl\u00fc\u011f\u00fc ortakl\u0131\u011f\u0131nda, EB\u0130LTEM deste\u011fiyle d\u00fczenlenen etkinli\u011fin a\u00e7\u0131l\u0131\u015f t\u00f6reni Fen Fak\u00fcltesi Konferans Salonunda yap\u0131ld\u0131. T\u00f6rene E\u00dc Rekt\u00f6r Yard\u0131mc\u0131lar\u0131 Prof. Dr. Murat Boyac\u0131, Prof. Dr. Aydo\u011fan Savran, EB\u0130LTEM TTO M\u00fcd\u00fcr\u00fc Prof. Dr. Bahri Ba\u015faran, \u00d6\u011frenci Koordinat\u00f6r\u00fc Prof. Dr. F\u0131rat Sarsar, Kariyer Planlama ve Ba\u015far\u0131 Koordinat\u00f6r\u00fc \u00d6\u011fr. G\u00f6r. Ebru Kalyoncu, \u00e7e\u015fitli birimlerin y\u00f6neticileri, akademisyenler ve \u00f6\u011frenciler kat\u0131ld\u0131.<\/p>\n<p style=\"text-align: justify;\">Kariyer ve Bilim \u015eenli\u011finin ilk oturumunda Sermaye Piyasas\u0131 Kurulu Kurumsal \u0130leti\u015fim Dairesi Ba\u015fkan\u0131 O\u011fuz Altun konu\u015fmac\u0131 olarak yer ald\u0131. Prof. Dr. \u00d6zge Andi\u00e7 \u00c7ak\u0131r\u2019\u0131n moderat\u00f6rl\u00fc\u011f\u00fcnde d\u00fczenlenen ikinci oturumda ise Sabanc\u0131 Holding \u00c7imsa SAP Y\u00f6neticisi G\u00fclten An\u0131l Deviren ve \u0130ZGO Yat\u0131r\u0131m Destek Akademisi Kurucusu Gizem \u0130dal deneyimlerini payla\u015ft\u0131.<\/p>\n<p style=\"text-align: justify;\"><b>\u201cBilgi en \u00f6nemli unsur\u201d<\/b><\/p>\n<p style=\"text-align: justify;\">A\u00e7\u0131l\u0131\u015f t\u00f6reninde konu\u015fan E\u00dc Rekt\u00f6r Yard\u0131mc\u0131s\u0131 Prof. Dr. Murat Boyac\u0131, \u201c\u00dcniversiteler ve ara\u015ft\u0131rma enstit\u00fcleri g\u00fcn\u00fcm\u00fcz ekonomisinin en \u00f6nemli akt\u00f6rleri. \u00dcniversiteler bilgi \u00fcretiyor, teknoloji \u00fcretiyor. Bir de sekt\u00f6rlerin ya da ekonominin ihtiya\u00e7 duydu\u011fu insan kayna\u011f\u0131n\u0131 \u00fcretiyor. Bu y\u00fczden \u00fcniversitelerin rol\u00fc b\u00fcy\u00fck \u00f6nem ta\u015f\u0131yor. Bilgi, paradan ya da di\u011fer \u00fcretim fakt\u00f6rlerinden daha \u00f6nemli unsur olarak kar\u015f\u0131m\u0131za \u00e7\u0131k\u0131yor. Burada bizler \u00f6\u011frencileri yeti\u015ftiriyoruz. Ancak, \u00a0birinci s\u0131n\u0131fta ald\u0131\u011f\u0131n\u0131z baz\u0131 bilgilerin son s\u0131n\u0131fa geldi\u011finizde ge\u00e7erli olmad\u0131\u011f\u0131na tan\u0131k olabilirsiniz. \u00c7\u00fcnk\u00fc d\u00fcnya \u00e7ok \u00e7ok h\u0131zl\u0131 de\u011fi\u015fiyor. O nedenle ya\u015fam boyu \u00f6\u011frenmeyi, felsefe edinmeniz \u00f6nemli. Durmaks\u0131z\u0131n \u00e7abalaman\u0131z gerekiyor. Bir konuda uzman\u0131m diyebilmeniz i\u00e7in 10 y\u0131l \u00e7aba sarf etmeniz gerekiyor. \u00c7aba g\u00f6stermek, kararl\u0131 ve sab\u0131rl\u0131 olmak gerekiyor. E\u011fer b\u00f6yle olursa inan\u0131n \u00e7ok ba\u015far\u0131l\u0131 olacaks\u0131n\u0131z\u201d diye konu\u015ftu.<\/p>\n<p style=\"text-align: justify;\"><b>\u201c\u00d6\u011frencilerimizi s\u00fcrece dahil etmek istiyoruz\u201d<\/b><\/p>\n<p style=\"text-align: justify;\">EB\u0130LTEM TTO M\u00fcd\u00fcr\u00fc Prof. Dr. Bahri Ba\u015faran, \u201c\u00dcniversitemizin kalk\u0131nma kriterinin iyile\u015ftirilmesi anlam\u0131ndaki \u00e7al\u0131\u015fman\u0131n i\u00e7erisine \u00a0\u00f6\u011frenci arkada\u015flar\u0131m\u0131z\u0131 da \u00e7ekmek istiyoruz. \u0130leriki y\u0131llarda \u00fcniversitemizin ba\u015far\u0131s\u0131 sizlerle beraber \u00e7ok daha iyi noktalara gelecek. Bu noktada ba\u015flatm\u0131\u015f oldu\u011fumuz kariyer g\u00fcnleri etkinli\u011fi bunun \u00f6nemli a\u015famalar\u0131ndan bir tanesi. Umar\u0131m, sizler i\u00e7in \u00e7ok g\u00fczel bir etkinlik olur. \u00dcniversitemizle beraber sanayi i\u015f birli\u011fi anlam\u0131nda \u00fclkemizin \u00f6nemli firmalar\u0131yla birlikte bu organizasyonu ileriki y\u0131llarda \u00e7ok daha iyi noktalara getirebiliriz\u201d dedi.<\/p>\n<p style=\"text-align: justify;\"><b>\u201cF\u0131rsatlar\u0131 iyi de\u011ferlendirin\u201d<\/b><\/p>\n<p style=\"text-align: justify;\">\u00d6\u011frencilere seslenen E\u00dc \u00d6\u011frenci Koordinat\u00f6r\u00fc Prof. Dr. F\u0131rat Sarsar, \u201cSizden sadece bir talebimiz var. Size sunulan f\u0131rsatlar\u0131 \u00e7ok iyi de\u011ferlendirmeniz. \u00c7\u00fcnk\u00fc \u015fu anda size \u00e7ok g\u00fczel f\u0131rsatlar sunuluyor. Umut ediyorum buradan mezun oldu\u011funuzda bu ya\u015fad\u0131\u011f\u0131n\u0131z an\u0131larla burada belki tan\u0131\u015ft\u0131\u011f\u0131n\u0131z firmalarla i\u015fe ba\u015flad\u0131\u011f\u0131n\u0131zda l\u00fctfen bu g\u00fcnleri de hat\u0131rlay\u0131n. Hepinize ho\u015f geldiniz diyoruz\u201d dedi.<\/p>\n<p style=\"text-align: justify;\"><b>\u201cTematik kariyer g\u00fcnleri d\u00fczenlenecek\u201d<\/b><\/p>\n<p style=\"text-align: justify;\">Kariyer Planlama ve Ba\u015far\u0131 Koordinat\u00f6r\u00fc \u00d6\u011fr. G\u00f6r. Ebru Kalyoncu ise \u201cBug\u00fcne kadar bilimi, kariyeri ve \u00f6\u011frencileri i\u015f d\u00fcnyas\u0131yla bir araya getiren \u00fcniversitemiz, bug\u00fcn art\u0131k tematik kariyer g\u00fcnlerini de ba\u015flat\u0131yor. Sa\u011fl\u0131kta, savunma sanayinde, m\u00fchendislikte, sosyal bilimlerde, e\u011fitim alan\u0131nda farkl\u0131 bran\u015flarda kariyer g\u00fcnleriyle i\u015f d\u00fcnyas\u0131n\u0131n k\u0131ymetli temsilcilerini gen\u00e7lerimizle bir ara getirece\u011fiz. Ege \u00dcniversitesi olarak gelece\u011fi p\u0131r\u0131l p\u0131r\u0131l gen\u00e7ler yeti\u015ftirece\u011fiz\u201d dedi.<\/p>\n<p style=\"text-align: justify;\"><b>Sekt\u00f6r\u00fcn \u00f6nemli isimleri tecr\u00fcbelerini payla\u015ft\u0131<\/b><\/p>\n<p style=\"text-align: justify;\">A\u00e7\u0131l\u0131\u015f konu\u015fmalar\u0131n\u0131n ard\u0131ndan etkinli\u011fin ilk oturumunda s\u00f6z alan Sermaye Piyasas\u0131 Kurulu Kurumsal \u0130leti\u015fim Dairesi Ba\u015fkan\u0131 O\u011fuz Altun, kurulun temel yap\u0131s\u0131 ve g\u00f6revleri hakk\u0131nda kat\u0131l\u0131mc\u0131lar\u0131 bilgilendirdi. Sermaye Piyasas\u0131 Kurulu\u2019nun personel al\u0131m \u015fartlar\u0131n\u0131 ve kariyer f\u0131rsatlar\u0131n\u0131 gen\u00e7lerle payla\u015fan Altun, Ege \u00dcniversitesinde bulunmaktan dolay\u0131 duydu\u011fu mutlulu\u011fu dile getirdi.<\/p>\n<p style=\"text-align: justify;\">E\u00dc yenilik\u00e7ilik ve Giri\u015fimcilik B\u00f6l\u00fcm Ba\u015fkan\u0131 Prof. Dr. \u00d6zge Andi\u00e7 \u00c7ak\u0131r\u2019\u0131n moderat\u00f6rl\u00fc\u011f\u00fcnde d\u00fczenlenen ikinci oturumda Sabanc\u0131 Holding \u00c7imsa SAP Y\u00f6neticisi G\u00fclten An\u0131l Deviren ve \u0130ZGO Yat\u0131r\u0131m Destek Akademisi Kurucusu Gizem \u0130dal, Egeli \u00f6\u011frencilere kariyer basamaklar\u0131n\u0131 \u00e7\u0131karken ya\u015fad\u0131klar\u0131 tecr\u00fcbeleri aktard\u0131.<\/p>\n<div id='gallery-1' class='gallery galleryid-33788 gallery-columns-6 gallery-size-medium'><figure class='gallery-item'>\n\t\t\t<div class='gallery-icon landscape'>\n\t\t\t\t<a href='https:\/\/egeajans.ege.edu.tr\/wp-content\/uploads\/2026\/05\/2-41.jpg'><img loading=\"lazy\" decoding=\"async\" width=\"300\" height=\"169\" src=\"https:\/\/egeajans.ege.edu.tr\/wp-content\/uploads\/2026\/05\/2-41.jpg\" class=\"attachment-medium size-medium\" alt=\"\" \/><\/a>\n\t\t\t<\/div><\/figure><figure class='gallery-item'>\n\t\t\t<div class='gallery-icon landscape'>\n\t\t\t\t<a href='https:\/\/egeajans.ege.edu.tr\/wp-content\/uploads\/2026\/05\/3-39.jpg'><img loading=\"lazy\" decoding=\"async\" width=\"300\" height=\"169\" src=\"https:\/\/egeajans.ege.edu.tr\/wp-content\/uploads\/2026\/05\/3-39.jpg\" class=\"attachment-medium size-medium\" alt=\"\" \/><\/a>\n\t\t\t<\/div><\/figure><figure class='gallery-item'>\n\t\t\t<div class='gallery-icon landscape'>\n\t\t\t\t<a href='https:\/\/egeajans.ege.edu.tr\/wp-content\/uploads\/2026\/05\/5-32.jpg'><img loading=\"lazy\" decoding=\"async\" width=\"300\" height=\"169\" src=\"https:\/\/egeajans.ege.edu.tr\/wp-content\/uploads\/2026\/05\/5-32.jpg\" class=\"attachment-medium size-medium\" alt=\"\" \/><\/a>\n\t\t\t<\/div><\/figure><figure class='gallery-item'>\n\t\t\t<div class='gallery-icon landscape'>\n\t\t\t\t<a href='https:\/\/egeajans.ege.edu.tr\/wp-content\/uploads\/2026\/05\/6-26.jpg'><img loading=\"lazy\" decoding=\"async\" width=\"300\" height=\"169\" src=\"https:\/\/egeajans.ege.edu.tr\/wp-content\/uploads\/2026\/05\/6-26.jpg\" class=\"attachment-medium size-medium\" alt=\"\" \/><\/a>\n\t\t\t<\/div><\/figure><figure class='gallery-item'>\n\t\t\t<div class='gallery-icon landscape'>\n\t\t\t\t<a href='https:\/\/egeajans.ege.edu.tr\/wp-content\/uploads\/2026\/05\/7-23.jpg'><img loading=\"lazy\" decoding=\"async\" width=\"300\" height=\"169\" src=\"https:\/\/egeajans.ege.edu.tr\/wp-content\/uploads\/2026\/05\/7-23.jpg\" class=\"attachment-medium size-medium\" alt=\"\" \/><\/a>\n\t\t\t<\/div><\/figure><figure class='gallery-item'>\n\t\t\t<div class='gallery-icon landscape'>\n\t\t\t\t<a href='https:\/\/egeajans.ege.edu.tr\/wp-content\/uploads\/2026\/05\/8-17.jpg'><img loading=\"lazy\" decoding=\"async\" width=\"300\" height=\"169\" src=\"https:\/\/egeajans.ege.edu.tr\/wp-content\/uploads\/2026\/05\/8-17.jpg\" class=\"attachment-medium size-medium\" alt=\"\" \/><\/a>\n\t\t\t<\/div><\/figure><figure class='gallery-item'>\n\t\t\t<div class='gallery-icon landscape'>\n\t\t\t\t<a href='https:\/\/egeajans.ege.edu.tr\/wp-content\/uploads\/2026\/05\/9-12.jpg'><img loading=\"lazy\" decoding=\"async\" width=\"300\" height=\"169\" src=\"https:\/\/egeajans.ege.edu.tr\/wp-content\/uploads\/2026\/05\/9-12.jpg\" class=\"attachment-medium size-medium\" alt=\"\" \/><\/a>\n\t\t\t<\/div><\/figure><figure class='gallery-item'>\n\t\t\t<div class='gallery-icon landscape'>\n\t\t\t\t<a href='https:\/\/egeajans.ege.edu.tr\/wp-content\/uploads\/2026\/05\/10-9.jpg'><img loading=\"lazy\" decoding=\"async\" width=\"300\" height=\"169\" src=\"https:\/\/egeajans.ege.edu.tr\/wp-content\/uploads\/2026\/05\/10-9.jpg\" class=\"attachment-medium size-medium\" alt=\"\" \/><\/a>\n\t\t\t<\/div><\/figure><figure class='gallery-item'>\n\t\t\t<div class='gallery-icon landscape'>\n\t\t\t\t<a href='https:\/\/egeajans.ege.edu.tr\/wp-content\/uploads\/2026\/05\/11-7.jpg'><img loading=\"lazy\" decoding=\"async\" width=\"300\" height=\"169\" src=\"https:\/\/egeajans.ege.edu.tr\/wp-content\/uploads\/2026\/05\/11-7.jpg\" class=\"attachment-medium size-medium\" alt=\"\" \/><\/a>\n\t\t\t<\/div><\/figure><figure class='gallery-item'>\n\t\t\t<div class='gallery-icon landscape'>\n\t\t\t\t<a href='https:\/\/egeajans.ege.edu.tr\/wp-content\/uploads\/2026\/05\/12-5.jpg'><img loading=\"lazy\" decoding=\"async\" width=\"300\" height=\"169\" src=\"https:\/\/egeajans.ege.edu.tr\/wp-content\/uploads\/2026\/05\/12-5.jpg\" class=\"attachment-medium size-medium\" alt=\"\" \/><\/a>\n\t\t\t<\/div><\/figure><figure class='gallery-item'>\n\t\t\t<div class='gallery-icon landscape'>\n\t\t\t\t<a href='https:\/\/egeajans.ege.edu.tr\/wp-content\/uploads\/2026\/05\/13-3.jpg'><img loading=\"lazy\" decoding=\"async\" width=\"300\" height=\"169\" src=\"https:\/\/egeajans.ege.edu.tr\/wp-content\/uploads\/2026\/05\/13-3.jpg\" class=\"attachment-medium size-medium\" alt=\"\" \/><\/a>\n\t\t\t<\/div><\/figure><figure class='gallery-item'>\n\t\t\t<div class='gallery-icon landscape'>\n\t\t\t\t<a href='https:\/\/egeajans.ege.edu.tr\/wp-content\/uploads\/2026\/05\/14-2.jpg'><img loading=\"lazy\" decoding=\"async\" width=\"300\" height=\"169\" src=\"https:\/\/egeajans.ege.edu.tr\/wp-content\/uploads\/2026\/05\/14-2.jpg\" class=\"attachment-medium size-medium\" alt=\"\" \/><\/a>\n\t\t\t<\/div><\/figure>\n\t\t<\/div>\n\n","protected":false},"excerpt":{"rendered":"<p>\u00d6\u011frencilerin sekt\u00f6rle bulu\u015fmas\u0131 ve kariyer f\u0131rsatlar\u0131 yakalamas\u0131 ad\u0131na \u201c\u0130novasyon ve Gelecek\u201d mottosuyla d\u00fczenlenen \u201cEge \u00dcniversitesi Kariyer ve Bilim \u015eenli\u011fi\u201d kap\u0131lar\u0131n\u0131 a\u00e7t\u0131. Prof. Dr. Yusuf Vardar M\u00d6TBE K\u00fclt\u00fcr Merkezi \u00f6n\u00fcnde kurulan&hellip;<\/p>\n","protected":false},"author":2,"featured_media":33789,"comment_status":"open","ping_status":"open","sticky":false,"template":"","format":"standard","meta":{"footnotes":""},"categories":[69,99,1,70],"tags":[],"class_list":["post-33788","post","type-post","status-publish","format-standard","has-post-thumbnail","hentry","category-bilim","category-egitim","category-gncl","category-kampus"],"_links":{"self":[{"href":"https:\/\/egeajans.ege.edu.tr\/index.php\/wp-json\/wp\/v2\/posts\/33788","targetHints":{"allow":["GET"]}}],"collection":[{"href":"https:\/\/egeajans.ege.edu.tr\/index.php\/wp-json\/wp\/v2\/posts"}],"about":[{"href":"https:\/\/egeajans.ege.edu.tr\/index.php\/wp-json\/wp\/v2\/types\/post"}],"author":[{"embeddable":true,"href":"https:\/\/egeajans.ege.edu.tr\/index.php\/wp-json\/wp\/v2\/users\/2"}],"replies":[{"embeddable":true,"href":"https:\/\/egeajans.ege.edu.tr\/index.php\/wp-json\/wp\/v2\/comments?post=33788"}],"version-history":[{"count":1,"href":"https:\/\/egeajans.ege.edu.tr\/index.php\/wp-json\/wp\/v2\/posts\/33788\/revisions"}],"predecessor-version":[{"id":33802,"href":"https:\/\/egeajans.ege.edu.tr\/index.php\/wp-json\/wp\/v2\/posts\/33788\/revisions\/33802"}],"wp:featuredmedia":[{"embeddable":true,"href":"https:\/\/egeajans.ege.edu.tr\/index.php\/wp-json\/wp\/v2\/media\/33789"}],"wp:attachment":[{"href":"https:\/\/egeajans.ege.edu.tr\/index.php\/wp-json\/wp\/v2\/media?parent=33788"}],"wp:term":[{"taxonomy":"category","embeddable":true,"href":"https:\/\/egeajans.ege.edu.tr\/index.php\/wp-json\/wp\/v2\/categories?post=33788"},{"taxonomy":"post_tag","embeddable":true,"href":"https:\/\/egeajans.ege.edu.tr\/index.php\/wp-json\/wp\/v2\/tags?post=33788"}],"curies":[{"name":"wp","href":"https:\/\/api.w.org\/{rel}","templated":true}]}}