{"id":33734,"date":"2026-05-13T02:43:00","date_gmt":"2026-05-13T02:43:00","guid":{"rendered":"https:\/\/egeajans.ege.edu.tr\/?p=33734"},"modified":"2026-05-13T08:49:28","modified_gmt":"2026-05-13T08:49:28","slug":"bir-gazetecinin-donusum-hikayesi","status":"publish","type":"post","link":"https:\/\/egeajans.ege.edu.tr\/index.php\/2026\/05\/13\/bir-gazetecinin-donusum-hikayesi\/","title":{"rendered":"\u00a0\u00a0\u201cBir Gazetecinin D\u00f6n\u00fc\u015f\u00fcm Hik\u00e2yesi\u201d"},"content":{"rendered":"<p style=\"text-align: justify;\" align=\"center\"><b>\u00c7ubuk\u00e7uo\u011flu, \u201cSekt\u00f6rde fark yaratmak istiyorsan\u0131z azminiz en b\u00fcy\u00fck rehberiniz olmal\u0131\u201d<\/b><\/p>\n<p style=\"text-align: justify;\">Ege \u00dcniversitesi \u0130leti\u015fim Fak\u00fcltesi mezunu G\u00f6k\u00e7e Adar \u00c7ubuk\u00e7uo\u011flu, \u201cS\u0131n\u0131fta Mezun Var\u201d etkinli\u011fi kapsam\u0131nda \u00f6\u011frencilerle bir araya gelerek gazetecilikten kurumsal ileti\u015fime uzanan kariyer yolculu\u011funu ve sekt\u00f6r deneyimlerini payla\u015ft\u0131.<\/p>\n<p style=\"text-align: justify;\">Ege \u00dcniversitesi (E\u00dc) \u0130leti\u015fim Fak\u00fcltesi Gazetecilik B\u00f6l\u00fcm\u00fc, mezunlar\u0131 ile \u00f6\u011frencileri bir araya getiren bulu\u015fmaya ev sahipli\u011fi yapt\u0131. E\u00dc \u0130leti\u015fim Fak\u00fcltesi Gazetecilik B\u00f6l\u00fcm\u00fc \u00f6\u011fretim \u00fcyesi Prof. Dr. \u0130lknur Aydo\u011fdu Karaaslan koordinasyonunda d\u00fczenlenen &#8220;Bir Gazetecinin D\u00f6n\u00fc\u015f\u00fcm Hikayesi: S\u0131n\u0131fta Mezun Var&#8221; etkinli\u011fi kapsam\u0131nda, Ege \u00dcniversitesi mezunu olan ve halihaz\u0131rda \u00a0Medical Point Hastaneler Grubu Kurumsal \u0130leti\u015fim Bas\u0131n ve Etkinlik Sorumlusu g\u00f6revini y\u00fcr\u00fcten G\u00f6k\u00e7e Adar \u00c7ubuk\u00e7uo\u011flu, gelece\u011fin ileti\u015fimcileriyle bulu\u015ftu. Etkinlikte, medya sekt\u00f6r\u00fcndeki de\u011fi\u015fimler ve kurumsal ileti\u015fim d\u00fcnyas\u0131n\u0131n dinamikleri detayl\u0131 bir \u015fekilde ele al\u0131nd\u0131.<\/p>\n<p style=\"text-align: justify;\">Kendi kariyer basamaklar\u0131n\u0131 ve bu s\u00fcre\u00e7te kar\u015f\u0131la\u015ft\u0131\u011f\u0131 d\u00f6n\u00fcm noktalar\u0131n\u0131 anlatan G\u00f6k\u00e7e Adar \u00c7ubuk\u00e7uo\u011flu, gazetecilik k\u00f6kenli olman\u0131n kurumsal ileti\u015fim alan\u0131nda sa\u011flad\u0131\u011f\u0131 avantajlara dikkat \u00e7ekti. Sekt\u00f6rde var olabilmenin yolunun ki\u015fisel geli\u015fimden ge\u00e7ti\u011fini belirten \u00c7ubuk\u00e7uo\u011flu, \u00f6\u011frencilere kariyerlerini in\u015fa ederken izlemeleri gereken stratejiler hakk\u0131nda \u00f6nemli ipu\u00e7lar\u0131 verdi. Mevcut konumuna gelmesindeki en b\u00fcy\u00fck etkenin ki\u015fisel azim ve kararl\u0131l\u0131k oldu\u011funu vurgulayan \u00c7ubuk\u00e7uo\u011flu, ba\u015far\u0131n\u0131n tesad\u00fcf olmad\u0131\u011f\u0131n\u0131 ifade etti.<\/p>\n<p style=\"text-align: justify;\"><b>&#8220;Hayalleriniz i\u00e7in emek sarfetmelisiniz&#8221;<\/b><\/p>\n<p style=\"text-align: justify;\">S\u00f6yle\u015finin soru-cevap b\u00f6l\u00fcm\u00fcnde \u00f6\u011frencilerin merak etti\u011fi konular\u0131 yan\u0131tlayan \u00c7ubuk\u00e7uo\u011flu, kariyer yolculu\u011funda kar\u015f\u0131la\u015f\u0131lan zorluklar\u0131n ancak b\u00fcy\u00fck bir tutku ve emekle a\u015f\u0131labilece\u011fini belirtti. Sekt\u00f6rde fark yaratman\u0131n temelinde \u00e7al\u0131\u015fkanl\u0131\u011f\u0131n yatt\u0131\u011f\u0131n\u0131 dile getiren G\u00f6k\u00e7e Adar \u00c7ubuk\u00e7uo\u011flu, &#8220;\u015eu an geldi\u011fim konum tamamen kendi \u00e7abalar\u0131m\u0131n bir sonucu. Sizler de hayalleriniz i\u00e7in emek vermekten ve sonuna kadar \u00e7abalamaktan asla ka\u00e7mamal\u0131s\u0131n\u0131z. Sekt\u00f6rde fark yaratmak istiyorsan\u0131z azminiz en b\u00fcy\u00fck rehberiniz olmal\u0131&#8221; diye konu\u015ftu.<\/p>\n<p style=\"text-align: justify;\">Etkinlik sonunda, tecr\u00fcbelerini payla\u015farak \u00f6\u011frencilerin vizyonuna katk\u0131 sa\u011flayan G\u00f6k\u00e7e Adar \u00c7ubuk\u00e7uo\u011flu&#8217;na, Gazetecilik B\u00f6l\u00fcm\u00fc \u00f6\u011fretim \u00fcyeleri taraf\u0131ndan te\u015fekk\u00fcr belgesi takdim edildi.<\/p>\n<div id='gallery-1' class='gallery galleryid-33734 gallery-columns-2 gallery-size-medium'><figure class='gallery-item'>\n\t\t\t<div class='gallery-icon landscape'>\n\t\t\t\t<a href='https:\/\/egeajans.ege.edu.tr\/wp-content\/uploads\/2026\/05\/3-32.jpg'><img loading=\"lazy\" decoding=\"async\" width=\"300\" height=\"169\" src=\"https:\/\/egeajans.ege.edu.tr\/wp-content\/uploads\/2026\/05\/3-32.jpg\" class=\"attachment-medium size-medium\" alt=\"\" \/><\/a>\n\t\t\t<\/div><\/figure><figure class='gallery-item'>\n\t\t\t<div class='gallery-icon landscape'>\n\t\t\t\t<a href='https:\/\/egeajans.ege.edu.tr\/wp-content\/uploads\/2026\/05\/4-31.jpg'><img loading=\"lazy\" decoding=\"async\" width=\"300\" height=\"169\" src=\"https:\/\/egeajans.ege.edu.tr\/wp-content\/uploads\/2026\/05\/4-31.jpg\" class=\"attachment-medium size-medium\" alt=\"\" \/><\/a>\n\t\t\t<\/div><\/figure>\n\t\t<\/div>\n\n","protected":false},"excerpt":{"rendered":"<p>\u00c7ubuk\u00e7uo\u011flu, \u201cSekt\u00f6rde fark yaratmak istiyorsan\u0131z azminiz en b\u00fcy\u00fck rehberiniz olmal\u0131\u201d Ege \u00dcniversitesi \u0130leti\u015fim Fak\u00fcltesi mezunu G\u00f6k\u00e7e Adar \u00c7ubuk\u00e7uo\u011flu, \u201cS\u0131n\u0131fta Mezun Var\u201d etkinli\u011fi kapsam\u0131nda \u00f6\u011frencilerle bir araya gelerek gazetecilikten kurumsal ileti\u015fime&hellip;<\/p>\n","protected":false},"author":2,"featured_media":33735,"comment_status":"open","ping_status":"open","sticky":false,"template":"","format":"standard","meta":{"footnotes":""},"categories":[99,1,304,70],"tags":[],"class_list":["post-33734","post","type-post","status-publish","format-standard","has-post-thumbnail","hentry","category-egitim","category-gncl","category-iletisim","category-kampus"],"_links":{"self":[{"href":"https:\/\/egeajans.ege.edu.tr\/index.php\/wp-json\/wp\/v2\/posts\/33734","targetHints":{"allow":["GET"]}}],"collection":[{"href":"https:\/\/egeajans.ege.edu.tr\/index.php\/wp-json\/wp\/v2\/posts"}],"about":[{"href":"https:\/\/egeajans.ege.edu.tr\/index.php\/wp-json\/wp\/v2\/types\/post"}],"author":[{"embeddable":true,"href":"https:\/\/egeajans.ege.edu.tr\/index.php\/wp-json\/wp\/v2\/users\/2"}],"replies":[{"embeddable":true,"href":"https:\/\/egeajans.ege.edu.tr\/index.php\/wp-json\/wp\/v2\/comments?post=33734"}],"version-history":[{"count":2,"href":"https:\/\/egeajans.ege.edu.tr\/index.php\/wp-json\/wp\/v2\/posts\/33734\/revisions"}],"predecessor-version":[{"id":33739,"href":"https:\/\/egeajans.ege.edu.tr\/index.php\/wp-json\/wp\/v2\/posts\/33734\/revisions\/33739"}],"wp:featuredmedia":[{"embeddable":true,"href":"https:\/\/egeajans.ege.edu.tr\/index.php\/wp-json\/wp\/v2\/media\/33735"}],"wp:attachment":[{"href":"https:\/\/egeajans.ege.edu.tr\/index.php\/wp-json\/wp\/v2\/media?parent=33734"}],"wp:term":[{"taxonomy":"category","embeddable":true,"href":"https:\/\/egeajans.ege.edu.tr\/index.php\/wp-json\/wp\/v2\/categories?post=33734"},{"taxonomy":"post_tag","embeddable":true,"href":"https:\/\/egeajans.ege.edu.tr\/index.php\/wp-json\/wp\/v2\/tags?post=33734"}],"curies":[{"name":"wp","href":"https:\/\/api.w.org\/{rel}","templated":true}]}}