{"id":2804,"date":"2021-03-15T11:45:43","date_gmt":"2021-03-15T11:45:43","guid":{"rendered":"http:\/\/egeajans.ege.edu.tr\/?p=2804"},"modified":"2021-03-15T11:50:08","modified_gmt":"2021-03-15T11:50:08","slug":"eutf-onceki-donem-dekanlarindan-prof-dr-kumanlioglu-hayatini-kaybetti","status":"publish","type":"post","link":"https:\/\/egeajans.ege.edu.tr\/index.php\/2021\/03\/15\/eutf-onceki-donem-dekanlarindan-prof-dr-kumanlioglu-hayatini-kaybetti\/","title":{"rendered":"E\u00dcTF \u00f6nceki d\u00f6nem dekanlar\u0131ndan Prof. Dr. Kumanl\u0131o\u011flu hayat\u0131n\u0131 kaybetti"},"content":{"rendered":"<p style=\"text-align: justify;\">Ege \u00dcniversitesi T\u0131p Fak\u00fcltesi (E\u00dcTF) \u00f6nceki d\u00f6nem dekanlar\u0131ndan E\u00dcTF emekli \u00f6\u011fretim \u00fcyesi Prof. Dr. Kamil Kumanl\u0131o\u011flu, evinde fenala\u015farak hayat\u0131n\u0131 kaybetti. N\u00fckleer t\u0131p ve akci\u011fer kanseri alan\u0131nda \u00f6nemli \u00e7al\u0131\u015fmalara imza atan Prof. Dr. Kumanl\u0131o\u011flu\u2019nun kayb\u0131ndan b\u00fcy\u00fck \u00fcz\u00fcnt\u00fc duydu\u011funu ifade eden E\u00dc Rekt\u00f6r\u00fc Prof. Dr. Necdet Budak, \u201cDe\u011ferli bir hocam\u0131z\u0131 kaybettik. \u00dcniversitemize ve \u00fclkemize \u00f6nemli katk\u0131lar sa\u011flayan Kamil hocam\u0131za Allah\u2019tan rahmet, ailesine sab\u0131rlar diliyorum\u201d diye konu\u015ftu.<\/p>\n<p style=\"text-align: justify;\">\u0130zmir\u2019in Kar\u015f\u0131yaka \u0130l\u00e7esinde 1957 y\u0131l\u0131nda d\u00fcnyaya gelen ve 1980 y\u0131l\u0131nda Ege \u00dcniversitesi T\u0131p Fak\u00fcltesinden mezun olan Prof. Dr. Kamil Kumanl\u0131o\u011flu, ayn\u0131 y\u0131l \u0130\u00e7 Hastal\u0131klar\u0131 Anabilim Dal\u0131nda ilk ihtisas\u0131na ba\u015flad\u0131. N\u00fckleer T\u0131p Uzman\u0131 unvan\u0131n\u0131 1988 y\u0131l\u0131nda alan Kumanl\u0131o\u011flu 1999 y\u0131l\u0131nda ise profes\u00f6r unvan\u0131na sahip oldu. 2011 ile 2014 y\u0131llar\u0131 aras\u0131nda E\u00dcTF Dekanl\u0131\u011f\u0131 g\u00f6revini y\u00fcr\u00fcten Prof. Dr. Kumanl\u0131o\u011flu, anabilim dal\u0131 ba\u015fkanl\u0131\u011f\u0131n\u0131n yan\u0131 s\u0131ra T\u0131pta Uzmanl\u0131k Kurulu\u2019nda ve Y\u00fcksek \u00d6\u011fretim Kurulu\u2019nda da g\u00f6rev ald\u0131. N\u00fckleer t\u0131p ve akci\u011fer kanseri alan\u0131nda ulusal ve uluslararas\u0131 derneklerinin ve &nbsp;T\u00fcrk Kardiyoloji Derne\u011finin de \u00fcyesi olan Prof. Dr. Kamunl\u0131o\u011flu, T\u00fcrkiye N\u00fckleer T\u0131p Derne\u011finin de Etik Kurul Ba\u015fkanl\u0131\u011f\u0131n\u0131 yapt\u0131. N\u00fckleer kardiyoloji, tiroid kanseri, PET\/CT alanlar\u0131nda ulusal ve uluslararas\u0131 dergi ve kitaplarda yay\u0131nlanm\u0131\u015f \u00e7ok say\u0131da akademik yay\u0131na sahip Prof. Dr. Kumanl\u0131o\u011flu, bir s\u00fcre \u00f6nce emekli olarak mesleki \u00e7al\u0131\u015fmalar\u0131na \u00f6zel muayenesinde devam etti.<\/p>\n<p style=\"text-align: justify;\"><b>B\u00dcY\u00dcK B\u0130R KAYIP<\/b><\/p>\n<p style=\"text-align: justify;\">Evinde fenala\u015f\u0131p ya\u015fam\u0131n\u0131 yitiren Prof. Dr. Kumanl\u0131o\u011flu\u2019nun b\u00fcy\u00fck bir kay\u0131p oldu\u011funu dile getiren E\u00dc Rekt\u00f6r\u00fc Prof. Dr. Necdet Budak, \u201cDe\u011ferli bir hocam\u0131z\u0131 kaybettik. \u00dcniversitemize ve \u00fclkemize \u00f6nemli katk\u0131lar sa\u011flayan Kamil hocam\u0131za Allah\u2019tan rahmet, ailesine sab\u0131rlar diliyorum\u201d dedi. E\u00dcTF N\u00fckleer T\u0131p Anabilim Dal\u0131ndan emekli Prof. Dr. Kamil Kumanl\u0131o\u011flu, 17 Mart 2021 tarihinde Bilal Sayg\u0131l\u0131 Camiinde \u00f6\u011fle namaz\u0131n\u0131 m\u00fcteakip k\u0131l\u0131nacak cenaze namaz\u0131n\u0131n ard\u0131ndan Kemalpa\u015fa Cennet Bah\u00e7esi Mezarl\u0131\u011f\u0131nda defnedilecek.<\/p>\n","protected":false},"excerpt":{"rendered":"<p>Ege \u00dcniversitesi T\u0131p Fak\u00fcltesi (E\u00dcTF) \u00f6nceki d\u00f6nem dekanlar\u0131ndan E\u00dcTF emekli \u00f6\u011fretim \u00fcyesi Prof. Dr. Kamil Kumanl\u0131o\u011flu, evinde fenala\u015farak hayat\u0131n\u0131 kaybetti. N\u00fckleer t\u0131p ve akci\u011fer kanseri alan\u0131nda \u00f6nemli \u00e7al\u0131\u015fmalara imza atan&hellip;<\/p>\n","protected":false},"author":2,"featured_media":2809,"comment_status":"open","ping_status":"open","sticky":false,"template":"","format":"standard","meta":{"footnotes":""},"categories":[1],"tags":[],"class_list":["post-2804","post","type-post","status-publish","format-standard","has-post-thumbnail","hentry","category-gncl"],"_links":{"self":[{"href":"https:\/\/egeajans.ege.edu.tr\/index.php\/wp-json\/wp\/v2\/posts\/2804","targetHints":{"allow":["GET"]}}],"collection":[{"href":"https:\/\/egeajans.ege.edu.tr\/index.php\/wp-json\/wp\/v2\/posts"}],"about":[{"href":"https:\/\/egeajans.ege.edu.tr\/index.php\/wp-json\/wp\/v2\/types\/post"}],"author":[{"embeddable":true,"href":"https:\/\/egeajans.ege.edu.tr\/index.php\/wp-json\/wp\/v2\/users\/2"}],"replies":[{"embeddable":true,"href":"https:\/\/egeajans.ege.edu.tr\/index.php\/wp-json\/wp\/v2\/comments?post=2804"}],"version-history":[{"count":2,"href":"https:\/\/egeajans.ege.edu.tr\/index.php\/wp-json\/wp\/v2\/posts\/2804\/revisions"}],"predecessor-version":[{"id":2807,"href":"https:\/\/egeajans.ege.edu.tr\/index.php\/wp-json\/wp\/v2\/posts\/2804\/revisions\/2807"}],"wp:featuredmedia":[{"embeddable":true,"href":"https:\/\/egeajans.ege.edu.tr\/index.php\/wp-json\/wp\/v2\/media\/2809"}],"wp:attachment":[{"href":"https:\/\/egeajans.ege.edu.tr\/index.php\/wp-json\/wp\/v2\/media?parent=2804"}],"wp:term":[{"taxonomy":"category","embeddable":true,"href":"https:\/\/egeajans.ege.edu.tr\/index.php\/wp-json\/wp\/v2\/categories?post=2804"},{"taxonomy":"post_tag","embeddable":true,"href":"https:\/\/egeajans.ege.edu.tr\/index.php\/wp-json\/wp\/v2\/tags?post=2804"}],"curies":[{"name":"wp","href":"https:\/\/api.w.org\/{rel}","templated":true}]}}