{"id":27418,"date":"2025-05-08T06:20:00","date_gmt":"2025-05-08T06:20:00","guid":{"rendered":"https:\/\/egeajans.ege.edu.tr\/?p=27418"},"modified":"2025-05-27T11:55:46","modified_gmt":"2025-05-27T11:55:46","slug":"birol-guven-ve-can-ulkay-egeli-genc-iletisimcilerle-bulustu","status":"publish","type":"post","link":"https:\/\/egeajans.ege.edu.tr\/index.php\/2025\/05\/08\/birol-guven-ve-can-ulkay-egeli-genc-iletisimcilerle-bulustu\/","title":{"rendered":"Birol G\u00fcven ve Can Ulkay Egeli gen\u00e7 ileti\u015fimcilerle bulu\u015ftu"},"content":{"rendered":"<p>Ay\u015fen Ta\u015f\u00e7\u0131 &#8211; Elif \u015eim\u015fek<\/p>\n<p style=\"text-align: justify;\"><strong>\u00a0II. Uluslararas\u0131 Turan Film Festivali<\/strong><\/p>\n<p style=\"text-align: justify;\">Ege \u00dcniversitesi ev sahipli\u011finde<b>\u00a0<\/b>bu y\u0131l ikincisi d\u00fczenlenen Uluslararas\u0131 Turan Film Festivali kapsam\u0131nda sekt\u00f6r\u00fcn \u00f6nemli isimleri \u00f6\u011frencilerle bir araya geldi. K\u00fclt\u00fcr ve Turizm Bakanl\u0131\u011f\u0131 Sinema Genel M\u00fcd\u00fcr\u00fc, film yap\u0131mc\u0131s\u0131, senaryo yazar\u0131 ve y\u00f6netmen Birol G\u00fcven ile Ayla, M\u00fcsl\u00fcm, Sar\u0131kam\u0131\u015f \u00c7ocuklar\u0131, T\u00fcrk \u0130\u015fi Dondurma, Ka\u011f\u0131ttan Hayatlar gibi unutulmaz yap\u0131tlara imza atan Y\u00f6netmen Can Ulkay, E\u00dc \u0130leti\u015fim Fak\u00fcltesinde \u00f6\u011frencilerle bulu\u015ftu. Etkinli\u011fe; E\u00dc Rekt\u00f6r Yard\u0131mc\u0131s\u0131 Prof. Dr. Mehmet Ersan, \u0130leti\u015fim Fak\u00fcltesi Dekan\u0131 Prof. Dr. Bilgehan G\u00fcltekin, E\u00dc G\u00fczel Sanatlar, Tasar\u0131m ve Mimarl\u0131k Fak\u00fcltesi Dekan\u0131 Prof. Dr. Alev Fato\u015f Parsa, b\u00f6l\u00fcm ba\u015fkanlar\u0131, akademisyenler ve \u00f6\u011frenciler kat\u0131ld\u0131.<\/p>\n<p style=\"text-align: justify;\"><img loading=\"lazy\" decoding=\"async\" class=\"size-medium wp-image-27420 alignleft\" src=\"http:\/\/egeajans.ege.edu.tr\/wp-content\/uploads\/2025\/05\/Birol-GUven-prof-Dr-Bilgehan-Gultekin-2-300x200.jpg\" alt=\"\" width=\"300\" height=\"200\" srcset=\"https:\/\/egeajans.ege.edu.tr\/wp-content\/uploads\/2025\/05\/Birol-GUven-prof-Dr-Bilgehan-Gultekin-2-300x200.jpg 300w, https:\/\/egeajans.ege.edu.tr\/wp-content\/uploads\/2025\/05\/Birol-GUven-prof-Dr-Bilgehan-Gultekin-2-1024x682.jpg 1024w, https:\/\/egeajans.ege.edu.tr\/wp-content\/uploads\/2025\/05\/Birol-GUven-prof-Dr-Bilgehan-Gultekin-2-768x512.jpg 768w, https:\/\/egeajans.ege.edu.tr\/wp-content\/uploads\/2025\/05\/Birol-GUven-prof-Dr-Bilgehan-Gultekin-2.jpg 1252w\" sizes=\"auto, (max-width: 300px) 100vw, 300px\" \/>E\u00dc \u0130leti\u015fim Fak\u00fcltesi Dekan\u0131 Prof. Dr. Bilgehan G\u00fcltekin\u2019in moderat\u00f6rl\u00fc\u011f\u00fcn\u00fc \u00fcstelendi\u011fi s\u00f6yle\u015fide, Birol G\u00fcven ve Can Ulkay, sinemaseverlerin sorular\u0131n\u0131 yan\u0131tlayarak,\u00a0 deneyimlerini\u00a0ve\u00a0sekt\u00f6r\u00fcn gelece\u011fi ile ilgili d\u00fc\u015f\u00fcncelerini payla\u015ft\u0131lar. Etkinli\u011fin a\u00e7\u0131l\u0131\u015f konu\u015fmas\u0131n\u0131 ger\u00e7ekle\u015ftiren E\u00dc \u0130leti\u015fim Fak\u00fcltesi Dekan\u0131 Prof. Dr. Bilgehan G\u00fcltekin, sinema ve dizi sekt\u00f6r\u00fcne damga vurmu\u015f, sekt\u00f6rlerinin duayenleri iki \u00f6nemli ismi a\u011f\u0131rlamaktan onur ve mutluluk duyduklar\u0131n\u0131 dile getirdi.<\/p>\n<p style=\"text-align: justify;\"><b>Sinemada \u201cYapay Zek\u00e2\u201d devrimi<\/b><\/p>\n<p style=\"text-align: justify;\">Sinemada ve televizyonda yapay zeka teknolojisinin kullan\u0131m\u0131 \u00fczerine \u00f6\u011frencilere bilgi aktaran Birol G\u00fcven, \u201cYapay zeka konusu, bizim sekt\u00f6r\u00fcm\u00fczde g\u00f6r\u00fcnd\u00fc\u011f\u00fcnden de \u00f6nemli bir noktada. \u0130lk defa \u00fclkemiz bu sekt\u00f6rde bir treni ka\u00e7\u0131rmad\u0131. \u00c7\u00fcnk\u00fc ortada tren yok. Yani hi\u00e7bir d\u00fcnya \u00fclkesi treni ka\u00e7\u0131rmad\u0131. Bu i\u015fin o kadar ba\u015f\u0131nday\u0131z ki, \u015fu anda belki de yaz\u0131lan bir tarihin ortas\u0131nday\u0131z. Bu, \u00e7ok b\u00fcy\u00fck bir f\u0131rsat. Sinema taraf\u0131nda yapay zek\u00e2n\u0131n olay\u0131 demokratikle\u015ftirece\u011fi, adille\u015ftirece\u011fi, ekonomik hale getirece\u011fi gibi bir \u00f6ng\u00f6r\u00fcm\u00fcz var. Bug\u00fcne kadar \u00e7ekilmemi\u015f bir\u00e7ok film, anlat\u0131lmam\u0131\u015f bir\u00e7ok hik\u00e2ye yapay zek\u00e2 imk\u00e2nlar\u0131yla anlat\u0131labilir. Hem de \u00e7ok daha ucuza anlat\u0131labilir. Dizilerde bile y\u00fcz \u00fcst\u00fcnde ekiple \u00e7al\u0131\u015f\u0131yoruz. Ama yapay zek\u00e2 ile d\u00f6rt ki\u015fiyle harika filmler yap\u0131labiliyor. Yapay zek\u00e2 ile film yapman\u0131n \u00f6n\u00fc \u00e7ok a\u00e7\u0131ld\u0131. Yapay zek\u00e2, i\u015fimizi elimizden almayacak. Ama yapay zek\u00e2y\u0131 \u00e7ok iyi kullanan birisi i\u015fimizi elimizden alacak. Ben bu \u015fekilde d\u00fc\u015f\u00fcn\u00fcyorum\u201d dedi.<\/p>\n<p style=\"text-align: justify;\"><b>\u201cPiyasada i\u00e7erik sorunu var\u201d<\/b><\/p>\n<p style=\"text-align: justify;\"><img loading=\"lazy\" decoding=\"async\" class=\"size-medium wp-image-27421 alignright\" src=\"http:\/\/egeajans.ege.edu.tr\/wp-content\/uploads\/2025\/05\/Can-Ulkay-Prof-Dr-Bilgehan-Gultekin-7-300x200.jpg\" alt=\"\" width=\"300\" height=\"200\" srcset=\"https:\/\/egeajans.ege.edu.tr\/wp-content\/uploads\/2025\/05\/Can-Ulkay-Prof-Dr-Bilgehan-Gultekin-7-300x200.jpg 300w, https:\/\/egeajans.ege.edu.tr\/wp-content\/uploads\/2025\/05\/Can-Ulkay-Prof-Dr-Bilgehan-Gultekin-7-1024x682.jpg 1024w, https:\/\/egeajans.ege.edu.tr\/wp-content\/uploads\/2025\/05\/Can-Ulkay-Prof-Dr-Bilgehan-Gultekin-7-768x512.jpg 768w, https:\/\/egeajans.ege.edu.tr\/wp-content\/uploads\/2025\/05\/Can-Ulkay-Prof-Dr-Bilgehan-Gultekin-7.jpg 1252w\" sizes=\"auto, (max-width: 300px) 100vw, 300px\" \/>Etkinlikte bilgi, deneyim ve sekt\u00f6r tecr\u00fcbelerini \u00f6\u011frencilerle payla\u015fan Can Ulkay, \u201c\u00d6\u011frencilerle bulu\u015fmay\u0131 \u00e7ok seviyorum. Her zaman kar\u015f\u0131l\u0131kl\u0131 g\u00f6r\u00fc\u015f al\u0131\u015fveri\u015fi yapman\u0131n bereket getirdi\u011fine inan\u0131yorum. O y\u00fczden burada olmaktan \u00e7ok mutluyum. Benim setlerim her zaman \u00f6\u011frenci arkada\u015flarla, gen\u00e7 arkada\u015flarla doludur. Olabildi\u011fince sizlerle ileti\u015fimde kalmaya \u00e7al\u0131\u015f\u0131yorum. Sizler, bizden \u00e7ok daha \u015fansl\u0131s\u0131n\u0131z \u00e7\u00fcnk\u00fc \u00f6n\u00fcn\u00fczde inan\u0131lmaz bir teknoloji var. Projeler, art\u0131k dijital platformlara kaymaya ba\u015flad\u0131. Piyasan\u0131n en b\u00fcy\u00fck sorunu i\u00e7erik. Anlatmak istedi\u011fimiz \u015feyi k\u0131sa ve hik\u00e2yele\u015ftirilmi\u015f bir bi\u00e7imde sunmak \u00e7ok \u00f6nemli. \u0130\u015f ne kadar b\u00fcy\u00fck olursa, beraberinde getirdi\u011fi zorluklar da o kadar fazla oluyor. \u015eu anda i\u00e7erik \u00fcretmek, i\u015fin en de\u011ferli k\u0131sm\u0131. Biyografi filmlerinde az hata pay\u0131 yaparak hik\u00e2yeleri anlatmaya \u00e7al\u0131\u015f\u0131yoruz. Yapt\u0131\u011f\u0131m\u0131z i\u015flere kar\u015f\u0131 \u00f6nyarg\u0131lar olabilir, en \u00e7ok da biyografi filmlerinde ya\u015fan\u0131yor bu \u00f6n yarg\u0131. Herkes, bu t\u00fcr filmlerde g\u00f6rmek istediklerini ar\u0131yor. Filmini yapaca\u011f\u0131m\u0131z ki\u015finin yapt\u0131klar\u0131n\u0131, s\u00f6ylediklerini bir\u00e7ok s\u00fczge\u00e7ten ge\u00e7irerek perdeye aktar\u0131yoruz\u201d diye konu\u015ftu.<\/p>\n<p style=\"text-align: justify;\">Etkinli\u011fin sonunda E\u00dc Rekt\u00f6r Yard\u0131mc\u0131s\u0131 Prof. Dr. Mehmet Ersan taraf\u0131ndan Birol G\u00fcven ve Can Ulkay\u2019a \u201cTe\u015fekk\u00fcr Belgesi\u201d takdim edildi.<\/p>\n<div id='gallery-1' class='gallery galleryid-27418 gallery-columns-7 gallery-size-medium'><figure class='gallery-item'>\n\t\t\t<div class='gallery-icon landscape'>\n\t\t\t\t<a href='https:\/\/egeajans.ege.edu.tr\/wp-content\/uploads\/2025\/05\/Birol-Guven-Prof-Dr-Mehmet-Ersan-1.jpg'><img loading=\"lazy\" decoding=\"async\" width=\"300\" height=\"200\" src=\"https:\/\/egeajans.ege.edu.tr\/wp-content\/uploads\/2025\/05\/Birol-Guven-Prof-Dr-Mehmet-Ersan-1-300x200.jpg\" class=\"attachment-medium size-medium\" alt=\"\" srcset=\"https:\/\/egeajans.ege.edu.tr\/wp-content\/uploads\/2025\/05\/Birol-Guven-Prof-Dr-Mehmet-Ersan-1-300x200.jpg 300w, https:\/\/egeajans.ege.edu.tr\/wp-content\/uploads\/2025\/05\/Birol-Guven-Prof-Dr-Mehmet-Ersan-1-1024x682.jpg 1024w, https:\/\/egeajans.ege.edu.tr\/wp-content\/uploads\/2025\/05\/Birol-Guven-Prof-Dr-Mehmet-Ersan-1-768x512.jpg 768w, https:\/\/egeajans.ege.edu.tr\/wp-content\/uploads\/2025\/05\/Birol-Guven-Prof-Dr-Mehmet-Ersan-1.jpg 1252w\" sizes=\"auto, (max-width: 300px) 100vw, 300px\" \/><\/a>\n\t\t\t<\/div><\/figure><figure class='gallery-item'>\n\t\t\t<div class='gallery-icon landscape'>\n\t\t\t\t<a href='https:\/\/egeajans.ege.edu.tr\/wp-content\/uploads\/2025\/05\/Birol-Guven-ve-Can-Ulkay-Egeli-genc-iletisimcilerle-bulustu-1.jpg'><img loading=\"lazy\" decoding=\"async\" width=\"300\" height=\"200\" src=\"https:\/\/egeajans.ege.edu.tr\/wp-content\/uploads\/2025\/05\/Birol-Guven-ve-Can-Ulkay-Egeli-genc-iletisimcilerle-bulustu-1-300x200.jpg\" class=\"attachment-medium size-medium\" alt=\"\" srcset=\"https:\/\/egeajans.ege.edu.tr\/wp-content\/uploads\/2025\/05\/Birol-Guven-ve-Can-Ulkay-Egeli-genc-iletisimcilerle-bulustu-1-300x200.jpg 300w, https:\/\/egeajans.ege.edu.tr\/wp-content\/uploads\/2025\/05\/Birol-Guven-ve-Can-Ulkay-Egeli-genc-iletisimcilerle-bulustu-1-1024x682.jpg 1024w, https:\/\/egeajans.ege.edu.tr\/wp-content\/uploads\/2025\/05\/Birol-Guven-ve-Can-Ulkay-Egeli-genc-iletisimcilerle-bulustu-1-768x512.jpg 768w, https:\/\/egeajans.ege.edu.tr\/wp-content\/uploads\/2025\/05\/Birol-Guven-ve-Can-Ulkay-Egeli-genc-iletisimcilerle-bulustu-1.jpg 1252w\" sizes=\"auto, (max-width: 300px) 100vw, 300px\" \/><\/a>\n\t\t\t<\/div><\/figure><figure class='gallery-item'>\n\t\t\t<div class='gallery-icon landscape'>\n\t\t\t\t<a href='https:\/\/egeajans.ege.edu.tr\/wp-content\/uploads\/2025\/05\/Birol-Guven-ve-Can-Ulkay-Egeli-genc-iletisimcilerle-bulustu-2.jpg'><img loading=\"lazy\" decoding=\"async\" width=\"300\" height=\"200\" src=\"https:\/\/egeajans.ege.edu.tr\/wp-content\/uploads\/2025\/05\/Birol-Guven-ve-Can-Ulkay-Egeli-genc-iletisimcilerle-bulustu-2-300x200.jpg\" class=\"attachment-medium size-medium\" alt=\"\" srcset=\"https:\/\/egeajans.ege.edu.tr\/wp-content\/uploads\/2025\/05\/Birol-Guven-ve-Can-Ulkay-Egeli-genc-iletisimcilerle-bulustu-2-300x200.jpg 300w, https:\/\/egeajans.ege.edu.tr\/wp-content\/uploads\/2025\/05\/Birol-Guven-ve-Can-Ulkay-Egeli-genc-iletisimcilerle-bulustu-2-1024x682.jpg 1024w, https:\/\/egeajans.ege.edu.tr\/wp-content\/uploads\/2025\/05\/Birol-Guven-ve-Can-Ulkay-Egeli-genc-iletisimcilerle-bulustu-2-768x512.jpg 768w, https:\/\/egeajans.ege.edu.tr\/wp-content\/uploads\/2025\/05\/Birol-Guven-ve-Can-Ulkay-Egeli-genc-iletisimcilerle-bulustu-2.jpg 1252w\" sizes=\"auto, (max-width: 300px) 100vw, 300px\" \/><\/a>\n\t\t\t<\/div><\/figure><figure class='gallery-item'>\n\t\t\t<div class='gallery-icon landscape'>\n\t\t\t\t<a href='https:\/\/egeajans.ege.edu.tr\/wp-content\/uploads\/2025\/05\/Birol-Guven-ve-Can-Ulkay-Egeli-genc-iletisimcilerle-bulustu.jpg'><img loading=\"lazy\" decoding=\"async\" width=\"300\" height=\"200\" src=\"https:\/\/egeajans.ege.edu.tr\/wp-content\/uploads\/2025\/05\/Birol-Guven-ve-Can-Ulkay-Egeli-genc-iletisimcilerle-bulustu-300x200.jpg\" class=\"attachment-medium size-medium\" alt=\"\" srcset=\"https:\/\/egeajans.ege.edu.tr\/wp-content\/uploads\/2025\/05\/Birol-Guven-ve-Can-Ulkay-Egeli-genc-iletisimcilerle-bulustu-300x200.jpg 300w, https:\/\/egeajans.ege.edu.tr\/wp-content\/uploads\/2025\/05\/Birol-Guven-ve-Can-Ulkay-Egeli-genc-iletisimcilerle-bulustu-1024x682.jpg 1024w, https:\/\/egeajans.ege.edu.tr\/wp-content\/uploads\/2025\/05\/Birol-Guven-ve-Can-Ulkay-Egeli-genc-iletisimcilerle-bulustu-768x512.jpg 768w, https:\/\/egeajans.ege.edu.tr\/wp-content\/uploads\/2025\/05\/Birol-Guven-ve-Can-Ulkay-Egeli-genc-iletisimcilerle-bulustu.jpg 1252w\" sizes=\"auto, (max-width: 300px) 100vw, 300px\" \/><\/a>\n\t\t\t<\/div><\/figure><figure class='gallery-item'>\n\t\t\t<div class='gallery-icon landscape'>\n\t\t\t\t<a href='https:\/\/egeajans.ege.edu.tr\/wp-content\/uploads\/2025\/05\/Can-Ulkay-prof-Dr-Mehmet-Ersan-1.jpg'><img loading=\"lazy\" decoding=\"async\" width=\"300\" height=\"200\" src=\"https:\/\/egeajans.ege.edu.tr\/wp-content\/uploads\/2025\/05\/Can-Ulkay-prof-Dr-Mehmet-Ersan-1-300x200.jpg\" class=\"attachment-medium size-medium\" alt=\"\" srcset=\"https:\/\/egeajans.ege.edu.tr\/wp-content\/uploads\/2025\/05\/Can-Ulkay-prof-Dr-Mehmet-Ersan-1-300x200.jpg 300w, https:\/\/egeajans.ege.edu.tr\/wp-content\/uploads\/2025\/05\/Can-Ulkay-prof-Dr-Mehmet-Ersan-1-1024x682.jpg 1024w, https:\/\/egeajans.ege.edu.tr\/wp-content\/uploads\/2025\/05\/Can-Ulkay-prof-Dr-Mehmet-Ersan-1-768x512.jpg 768w, https:\/\/egeajans.ege.edu.tr\/wp-content\/uploads\/2025\/05\/Can-Ulkay-prof-Dr-Mehmet-Ersan-1.jpg 1252w\" sizes=\"auto, (max-width: 300px) 100vw, 300px\" \/><\/a>\n\t\t\t<\/div><\/figure><figure class='gallery-item'>\n\t\t\t<div class='gallery-icon landscape'>\n\t\t\t\t<a href='https:\/\/egeajans.ege.edu.tr\/wp-content\/uploads\/2025\/05\/Prof-Dr-Bilgehan-Gultekin-4.jpg'><img loading=\"lazy\" decoding=\"async\" width=\"300\" height=\"200\" src=\"https:\/\/egeajans.ege.edu.tr\/wp-content\/uploads\/2025\/05\/Prof-Dr-Bilgehan-Gultekin-4-300x200.jpg\" class=\"attachment-medium size-medium\" alt=\"\" srcset=\"https:\/\/egeajans.ege.edu.tr\/wp-content\/uploads\/2025\/05\/Prof-Dr-Bilgehan-Gultekin-4-300x200.jpg 300w, https:\/\/egeajans.ege.edu.tr\/wp-content\/uploads\/2025\/05\/Prof-Dr-Bilgehan-Gultekin-4-1024x682.jpg 1024w, https:\/\/egeajans.ege.edu.tr\/wp-content\/uploads\/2025\/05\/Prof-Dr-Bilgehan-Gultekin-4-768x512.jpg 768w, https:\/\/egeajans.ege.edu.tr\/wp-content\/uploads\/2025\/05\/Prof-Dr-Bilgehan-Gultekin-4-1536x1023.jpg 1536w, https:\/\/egeajans.ege.edu.tr\/wp-content\/uploads\/2025\/05\/Prof-Dr-Bilgehan-Gultekin-4-2048x1364.jpg 2048w\" sizes=\"auto, (max-width: 300px) 100vw, 300px\" \/><\/a>\n\t\t\t<\/div><\/figure><figure class='gallery-item'>\n\t\t\t<div class='gallery-icon landscape'>\n\t\t\t\t<a href='https:\/\/egeajans.ege.edu.tr\/wp-content\/uploads\/2025\/05\/Prof-Dr-Bilgehan-Gultekin-Birol-Guven-2.jpg'><img loading=\"lazy\" decoding=\"async\" width=\"300\" height=\"200\" src=\"https:\/\/egeajans.ege.edu.tr\/wp-content\/uploads\/2025\/05\/Prof-Dr-Bilgehan-Gultekin-Birol-Guven-2-300x200.jpg\" class=\"attachment-medium size-medium\" alt=\"\" srcset=\"https:\/\/egeajans.ege.edu.tr\/wp-content\/uploads\/2025\/05\/Prof-Dr-Bilgehan-Gultekin-Birol-Guven-2-300x200.jpg 300w, https:\/\/egeajans.ege.edu.tr\/wp-content\/uploads\/2025\/05\/Prof-Dr-Bilgehan-Gultekin-Birol-Guven-2-1024x682.jpg 1024w, https:\/\/egeajans.ege.edu.tr\/wp-content\/uploads\/2025\/05\/Prof-Dr-Bilgehan-Gultekin-Birol-Guven-2-768x512.jpg 768w, https:\/\/egeajans.ege.edu.tr\/wp-content\/uploads\/2025\/05\/Prof-Dr-Bilgehan-Gultekin-Birol-Guven-2-1536x1023.jpg 1536w, https:\/\/egeajans.ege.edu.tr\/wp-content\/uploads\/2025\/05\/Prof-Dr-Bilgehan-Gultekin-Birol-Guven-2-2048x1364.jpg 2048w\" sizes=\"auto, (max-width: 300px) 100vw, 300px\" \/><\/a>\n\t\t\t<\/div><\/figure>\n\t\t<\/div>\n\n","protected":false},"excerpt":{"rendered":"<p>Ay\u015fen Ta\u015f\u00e7\u0131 &#8211; Elif \u015eim\u015fek \u00a0II. Uluslararas\u0131 Turan Film Festivali Ege \u00dcniversitesi ev sahipli\u011finde\u00a0bu y\u0131l ikincisi d\u00fczenlenen Uluslararas\u0131 Turan Film Festivali kapsam\u0131nda sekt\u00f6r\u00fcn \u00f6nemli isimleri \u00f6\u011frencilerle bir araya geldi. K\u00fclt\u00fcr&hellip;<\/p>\n","protected":false},"author":2,"featured_media":27419,"comment_status":"open","ping_status":"open","sticky":false,"template":"","format":"standard","meta":{"footnotes":""},"categories":[99,1,304,70],"tags":[],"class_list":["post-27418","post","type-post","status-publish","format-standard","has-post-thumbnail","hentry","category-egitim","category-gncl","category-iletisim","category-kampus"],"_links":{"self":[{"href":"https:\/\/egeajans.ege.edu.tr\/index.php\/wp-json\/wp\/v2\/posts\/27418","targetHints":{"allow":["GET"]}}],"collection":[{"href":"https:\/\/egeajans.ege.edu.tr\/index.php\/wp-json\/wp\/v2\/posts"}],"about":[{"href":"https:\/\/egeajans.ege.edu.tr\/index.php\/wp-json\/wp\/v2\/types\/post"}],"author":[{"embeddable":true,"href":"https:\/\/egeajans.ege.edu.tr\/index.php\/wp-json\/wp\/v2\/users\/2"}],"replies":[{"embeddable":true,"href":"https:\/\/egeajans.ege.edu.tr\/index.php\/wp-json\/wp\/v2\/comments?post=27418"}],"version-history":[{"count":3,"href":"https:\/\/egeajans.ege.edu.tr\/index.php\/wp-json\/wp\/v2\/posts\/27418\/revisions"}],"predecessor-version":[{"id":28155,"href":"https:\/\/egeajans.ege.edu.tr\/index.php\/wp-json\/wp\/v2\/posts\/27418\/revisions\/28155"}],"wp:featuredmedia":[{"embeddable":true,"href":"https:\/\/egeajans.ege.edu.tr\/index.php\/wp-json\/wp\/v2\/media\/27419"}],"wp:attachment":[{"href":"https:\/\/egeajans.ege.edu.tr\/index.php\/wp-json\/wp\/v2\/media?parent=27418"}],"wp:term":[{"taxonomy":"category","embeddable":true,"href":"https:\/\/egeajans.ege.edu.tr\/index.php\/wp-json\/wp\/v2\/categories?post=27418"},{"taxonomy":"post_tag","embeddable":true,"href":"https:\/\/egeajans.ege.edu.tr\/index.php\/wp-json\/wp\/v2\/tags?post=27418"}],"curies":[{"name":"wp","href":"https:\/\/api.w.org\/{rel}","templated":true}]}}