{"id":27405,"date":"2025-05-08T06:51:05","date_gmt":"2025-05-08T06:51:05","guid":{"rendered":"https:\/\/egeajans.ege.edu.tr\/?p=27405"},"modified":"2025-05-08T06:51:07","modified_gmt":"2025-05-08T06:51:07","slug":"ege-universitesinde-hidirellez-coskuyla-kutlandi","status":"publish","type":"post","link":"https:\/\/egeajans.ege.edu.tr\/index.php\/2025\/05\/08\/ege-universitesinde-hidirellez-coskuyla-kutlandi\/","title":{"rendered":"\u00a0Ege \u00dcniversitesinde H\u0131d\u0131rellez co\u015fkuyla kutland\u0131"},"content":{"rendered":"<p style=\"text-align: justify;\">Ege \u00dcniversitesi T\u00fcrk D\u00fcnyas\u0131 Ara\u015ft\u0131rmalar\u0131 Enstit\u00fcs\u00fc taraf\u0131ndan \u201cH\u0131d\u0131rellez \u015eenli\u011fi\u201d co\u015fkuyla ger\u00e7ekle\u015ftirildi. Etkinli\u011fe, K\u00fclt\u00fcr ve Turizm Bakanl\u0131\u011f\u0131 Ya\u015fayan Miras ve K\u00fclt\u00fcrel Etkinlikler Genel M\u00fcd\u00fcr\u00fc Selim Terzi, Ege \u00dcniversitesi T\u00fcrk D\u00fcnyas\u0131 Ara\u015ft\u0131rmalar\u0131 Enstit\u00fcs\u00fc M\u00fcd\u00fcr\u00fc Prof. Dr. Abdullah Temizkan, Ege \u00dcniversitesi T\u00fcrk D\u00fcnyas\u0131 Ara\u015ft\u0131rmalar\u0131 Enstit\u00fcs\u00fc T\u00fcrk Halk Anabilim Dal\u0131 \u00f6\u011fretim \u00fcyesi Prof. Dr. Metin Ekici, idari-akademik \u00e7al\u0131\u015fanlar ve \u00f6\u011frenciler kat\u0131ld\u0131.<\/p>\n<p style=\"text-align: justify;\"><img loading=\"lazy\" decoding=\"async\" class=\"size-medium wp-image-27407 alignright\" src=\"http:\/\/egeajans.ege.edu.tr\/wp-content\/uploads\/2025\/05\/Prof.-Dr.-Abdullah-Temizkan-300x200.jpg\" alt=\"\" width=\"300\" height=\"200\" srcset=\"https:\/\/egeajans.ege.edu.tr\/wp-content\/uploads\/2025\/05\/Prof.-Dr.-Abdullah-Temizkan-300x200.jpg 300w, https:\/\/egeajans.ege.edu.tr\/wp-content\/uploads\/2025\/05\/Prof.-Dr.-Abdullah-Temizkan-1024x683.jpg 1024w, https:\/\/egeajans.ege.edu.tr\/wp-content\/uploads\/2025\/05\/Prof.-Dr.-Abdullah-Temizkan-768x512.jpg 768w, https:\/\/egeajans.ege.edu.tr\/wp-content\/uploads\/2025\/05\/Prof.-Dr.-Abdullah-Temizkan.jpg 1500w\" sizes=\"auto, (max-width: 300px) 100vw, 300px\" \/>H\u0131d\u0131rellez \u015fenli\u011finin a\u00e7\u0131l\u0131\u015f konu\u015fmas\u0131n\u0131 ger\u00e7ekle\u015ftiren Ege \u00dcniversitesi T\u00fcrk D\u00fcnyas\u0131 Ara\u015ft\u0131rmalar\u0131 Enstit\u00fcs\u00fc M\u00fcd\u00fcr\u00fc Prof. Dr. Abdullah Temizkan, \u201cT\u00fcrk D\u00fcnyas\u0131 Ara\u015ft\u0131rmalar\u0131 Enstit\u00fcs\u00fc\u2019n\u00fcn d\u00fczenlemi\u015f oldu\u011fu H\u0131d\u0131rellez \u015eenli\u011fi&#8217;nde sizlerle birlikte olman\u0131n b\u00fcy\u00fck mutlulu\u011funu ya\u015f\u0131yorum. H\u0131d\u0131rellez, halklar\u0131m\u0131z\u0131n tarih boyunca kutlad\u0131\u011f\u0131, bahar\u0131n geli\u015fini m\u00fcjdeleyen ve do\u011fayla uyum i\u00e7inde olmay\u0131 simgeleyen kadim bir gelenektir. Bu \u015fenlik, sadece k\u00fclt\u00fcrel miras\u0131m\u0131z\u0131 ya\u015fatmakla kalmay\u0131p, ayn\u0131 zamanda toplumsal birlikteli\u011fimizi, dostlu\u011fumuzu ve sevgi ba\u011flar\u0131m\u0131z\u0131 peki\u015ftiren \u00f6nemli bir f\u0131rsatt\u0131r. Bahar\u0131n geli\u015fiyle do\u011fan\u0131n uyan\u0131\u015f\u0131n\u0131 kutlamak, insan\u0131n do\u011fa ile uyum i\u00e7inde ya\u015famas\u0131n\u0131 simgelemek, bizlere ge\u00e7mi\u015ften g\u00fcn\u00fcm\u00fcze ta\u015f\u0131d\u0131\u011f\u0131m\u0131z de\u011ferleri hat\u0131rlat\u0131r. Bu \u015fenlik, k\u00fclt\u00fcrel miras\u0131m\u0131z\u0131 nesilden nesile aktarmam\u0131za olanak tan\u0131yan bir platformdur. Ege \u00dcniversitesi olarak, T\u00fcrk D\u00fcnyas\u0131n\u0131n k\u00fclt\u00fcrel \u00e7e\u015fitlili\u011fini ya\u015fatmak ve bu de\u011ferleri g\u00fcn\u00fcm\u00fczde de canl\u0131 tutmak bizler i\u00e7in b\u00fcy\u00fck bir sorumluluktur. Bug\u00fcn burada, H\u0131d\u0131rellez\u2019i kutlamak, yaln\u0131zca ge\u00e7mi\u015fi hat\u0131rlamak de\u011fil, ayn\u0131 zamanda gelece\u011fe daha g\u00fc\u00e7l\u00fc bir \u015fekilde ba\u011flanmak ad\u0131na \u00f6nemli bir ad\u0131md\u0131r\u201d diye konu\u015ftu.<\/p>\n<p style=\"text-align: justify;\"><b>\u00a0\u201cG\u00fc\u00e7l\u00fc bir dayan\u0131\u015fma duygusu peki\u015fiyor\u201d<\/b><\/p>\n<p style=\"text-align: justify;\"><img loading=\"lazy\" decoding=\"async\" class=\"size-medium wp-image-27408 alignleft\" src=\"http:\/\/egeajans.ege.edu.tr\/wp-content\/uploads\/2025\/05\/Selim-Terzi-300x200.jpg\" alt=\"\" width=\"300\" height=\"200\" srcset=\"https:\/\/egeajans.ege.edu.tr\/wp-content\/uploads\/2025\/05\/Selim-Terzi-300x200.jpg 300w, https:\/\/egeajans.ege.edu.tr\/wp-content\/uploads\/2025\/05\/Selim-Terzi-1024x683.jpg 1024w, https:\/\/egeajans.ege.edu.tr\/wp-content\/uploads\/2025\/05\/Selim-Terzi-768x512.jpg 768w, https:\/\/egeajans.ege.edu.tr\/wp-content\/uploads\/2025\/05\/Selim-Terzi.jpg 1500w\" sizes=\"auto, (max-width: 300px) 100vw, 300px\" \/>K\u00fclt\u00fcr ve Turizm Bakanl\u0131\u011f\u0131 Ya\u015fayan Miras ve K\u00fclt\u00fcrel Etkinlikler Genel M\u00fcd\u00fcr\u00fc Selim Terzi, \u201cH\u0131d\u0131rellez, bizim k\u00fclt\u00fcr\u00fcm\u00fczde yaln\u0131zca bir bahar bayram\u0131 de\u011fil, ayn\u0131 zamanda kadim geleneklerin, halk inan\u0131\u015flar\u0131n\u0131n ve toplumsal ba\u011flar\u0131n derin bir yans\u0131mas\u0131d\u0131r. Bug\u00fcn burada, bu \u00f6zel g\u00fcnde bir araya gelerek, ge\u00e7mi\u015ften g\u00fcn\u00fcm\u00fcze uzanan bu e\u015fsiz miras\u0131 ya\u015fatman\u0131n ve gelecek nesillere aktarman\u0131n \u00f6nemini bir kez daha vurgulamak istiyorum. Bu \u015fenlik, bizlere ge\u00e7mi\u015fle ba\u011f kurma, birlik ve beraberlik i\u00e7inde ilerleme f\u0131rsat\u0131 sunuyor. Hep birlikte bu miras\u0131 koruyarak, k\u00fclt\u00fcr\u00fcm\u00fcz\u00fcn renkli ve zengin d\u00fcnyas\u0131n\u0131 ya\u015fatmaya devam edece\u011fiz\u201d diye konu\u015ftu.<\/p>\n<p style=\"text-align: justify;\"><b>\u201cK\u00fclt\u00fcrel \u00e7e\u015fitlili\u011fin g\u00fcc\u00fcn\u00fc kutluyoruz\u201d<\/b><\/p>\n<p style=\"text-align: justify;\"><img loading=\"lazy\" decoding=\"async\" class=\"size-medium wp-image-27409 alignright\" src=\"http:\/\/egeajans.ege.edu.tr\/wp-content\/uploads\/2025\/05\/Prof.-Dr.-Metin-Ekici2-300x200.jpg\" alt=\"\" width=\"300\" height=\"200\" srcset=\"https:\/\/egeajans.ege.edu.tr\/wp-content\/uploads\/2025\/05\/Prof.-Dr.-Metin-Ekici2-300x200.jpg 300w, https:\/\/egeajans.ege.edu.tr\/wp-content\/uploads\/2025\/05\/Prof.-Dr.-Metin-Ekici2-1024x683.jpg 1024w, https:\/\/egeajans.ege.edu.tr\/wp-content\/uploads\/2025\/05\/Prof.-Dr.-Metin-Ekici2-768x512.jpg 768w, https:\/\/egeajans.ege.edu.tr\/wp-content\/uploads\/2025\/05\/Prof.-Dr.-Metin-Ekici2.jpg 1500w\" sizes=\"auto, (max-width: 300px) 100vw, 300px\" \/>Ege \u00dcniversitesi T\u00fcrk D\u00fcnyas\u0131 Ara\u015ft\u0131rmalar\u0131 Enstit\u00fcs\u00fc T\u00fcrk Halk Anabilim Dal\u0131 \u00f6\u011fretim \u00fcyesi Prof. Dr. Metin Ekici, \u201cBug\u00fcn, T\u00fcrk D\u00fcnyas\u0131\u2019n\u0131n kadim geleneklerinden biri olan H\u0131d\u0131rellez\u2019i hep birlikte kutlamak i\u00e7in topland\u0131k. H\u0131d\u0131rellez, hem do\u011fan\u0131n uyan\u0131\u015f\u0131n\u0131 simgeler hem de insanlar\u0131n dileklerinin kabul oldu\u011fu, bar\u0131\u015f ve karde\u015fli\u011fin peki\u015fti\u011fi bir zaman dilimidir. T\u00fcrk halklar\u0131, y\u00fczy\u0131llar boyunca bu \u00f6zel g\u00fcn\u00fc co\u015fkuyla kutlayarak, hem k\u00fclt\u00fcrel zenginliklerini ya\u015fatm\u0131\u015f hem de do\u011fayla uyum i\u00e7inde olman\u0131n \u00f6nemini vurgulam\u0131\u015ft\u0131r. Ege \u00dcniversitesi T\u00fcrk D\u00fcnyas\u0131 Ara\u015ft\u0131rmalar\u0131 Enstit\u00fcs\u00fc olarak, bu t\u00fcr etkinliklerle sadece gelenekleri ya\u015fatmakla kalm\u0131yor, ayn\u0131 zamanda T\u00fcrk D\u00fcnyas\u0131&#8217;ndan gelen farkl\u0131 halklar\u0131n ortak de\u011ferlerini bir araya getiriyor ve k\u00fclt\u00fcrel \u00e7e\u015fitlili\u011fin g\u00fcc\u00fcn\u00fc kutluyoruz\u201d dedi.<\/p>\n<p style=\"text-align: justify;\"><b>\u201cT\u00fcrk k\u00fclt\u00fcr\u00fcn\u00fcn zenginli\u011fi bir kez daha sergilendi\u201d<\/b><\/p>\n<p style=\"text-align: justify;\">\u015eenlik kapsam\u0131nda, do\u011fan\u0131n uyan\u0131\u015f\u0131n\u0131 simgeleyen ate\u015fler yak\u0131ld\u0131, danslar ve m\u00fczikler e\u015fli\u011finde geleneksel halk oyunlar\u0131 sergilendi. Kat\u0131l\u0131mc\u0131lar, dileklerini tutarak, H\u0131d\u0131rellez\u2019in huzur ve mutluluk getirmesi i\u00e7in dualar ettiler. Ayr\u0131ca, T\u00fcrk D\u00fcnyas\u0131&#8217;n\u0131n farkl\u0131 k\u00f6ylerinden gelen geleneksel yemekler ve el sanatlar\u0131 sergileri de b\u00fcy\u00fck ilgi g\u00f6rd\u00fc. \u00dcniversite \u00f6\u011frencileri, bu \u00f6zel g\u00fcnde hem k\u00fclt\u00fcrel miraslar\u0131n\u0131 ya\u015fat\u0131rken hem de T\u00fcrk D\u00fcnyas\u0131\u2019n\u0131n farkl\u0131 halklar\u0131 aras\u0131ndaki karde\u015flik ba\u011flar\u0131n\u0131 peki\u015ftirme f\u0131rsat\u0131 buldular. Etkinlik, T\u00fcrk k\u00fclt\u00fcr\u00fcn\u00fcn zenginli\u011fini bir kez daha g\u00f6zler \u00f6n\u00fcne serdi ve kat\u0131l\u0131mc\u0131lara unutulmaz bir deneyim sundu.<\/p>\n<div id='gallery-1' class='gallery galleryid-27405 gallery-columns-7 gallery-size-medium'><figure class='gallery-item'>\n\t\t\t<div class='gallery-icon landscape'>\n\t\t\t\t<a href='https:\/\/egeajans.ege.edu.tr\/wp-content\/uploads\/2025\/05\/Ege-Universitesinde-Hidirellez-coskuyla-kutlandi-9.jpg'><img loading=\"lazy\" decoding=\"async\" width=\"300\" height=\"200\" src=\"https:\/\/egeajans.ege.edu.tr\/wp-content\/uploads\/2025\/05\/Ege-Universitesinde-Hidirellez-coskuyla-kutlandi-9-300x200.jpg\" class=\"attachment-medium size-medium\" alt=\"\" srcset=\"https:\/\/egeajans.ege.edu.tr\/wp-content\/uploads\/2025\/05\/Ege-Universitesinde-Hidirellez-coskuyla-kutlandi-9-300x200.jpg 300w, https:\/\/egeajans.ege.edu.tr\/wp-content\/uploads\/2025\/05\/Ege-Universitesinde-Hidirellez-coskuyla-kutlandi-9-1024x683.jpg 1024w, https:\/\/egeajans.ege.edu.tr\/wp-content\/uploads\/2025\/05\/Ege-Universitesinde-Hidirellez-coskuyla-kutlandi-9-768x512.jpg 768w, https:\/\/egeajans.ege.edu.tr\/wp-content\/uploads\/2025\/05\/Ege-Universitesinde-Hidirellez-coskuyla-kutlandi-9.jpg 1500w\" sizes=\"auto, (max-width: 300px) 100vw, 300px\" \/><\/a>\n\t\t\t<\/div><\/figure><figure class='gallery-item'>\n\t\t\t<div class='gallery-icon landscape'>\n\t\t\t\t<a href='https:\/\/egeajans.ege.edu.tr\/wp-content\/uploads\/2025\/05\/Ege-Universitesinde-Hidirellez-coskuyla-kutlandi-8.jpg'><img loading=\"lazy\" decoding=\"async\" width=\"300\" height=\"200\" src=\"https:\/\/egeajans.ege.edu.tr\/wp-content\/uploads\/2025\/05\/Ege-Universitesinde-Hidirellez-coskuyla-kutlandi-8-300x200.jpg\" class=\"attachment-medium size-medium\" alt=\"\" srcset=\"https:\/\/egeajans.ege.edu.tr\/wp-content\/uploads\/2025\/05\/Ege-Universitesinde-Hidirellez-coskuyla-kutlandi-8-300x200.jpg 300w, https:\/\/egeajans.ege.edu.tr\/wp-content\/uploads\/2025\/05\/Ege-Universitesinde-Hidirellez-coskuyla-kutlandi-8-1024x683.jpg 1024w, https:\/\/egeajans.ege.edu.tr\/wp-content\/uploads\/2025\/05\/Ege-Universitesinde-Hidirellez-coskuyla-kutlandi-8-768x512.jpg 768w, https:\/\/egeajans.ege.edu.tr\/wp-content\/uploads\/2025\/05\/Ege-Universitesinde-Hidirellez-coskuyla-kutlandi-8.jpg 1500w\" sizes=\"auto, (max-width: 300px) 100vw, 300px\" \/><\/a>\n\t\t\t<\/div><\/figure><figure class='gallery-item'>\n\t\t\t<div class='gallery-icon landscape'>\n\t\t\t\t<a href='https:\/\/egeajans.ege.edu.tr\/wp-content\/uploads\/2025\/05\/Ege-Universitesinde-Hidirellez-coskuyla-kutlandi-7.jpg'><img loading=\"lazy\" decoding=\"async\" width=\"300\" height=\"200\" src=\"https:\/\/egeajans.ege.edu.tr\/wp-content\/uploads\/2025\/05\/Ege-Universitesinde-Hidirellez-coskuyla-kutlandi-7-300x200.jpg\" class=\"attachment-medium size-medium\" alt=\"\" srcset=\"https:\/\/egeajans.ege.edu.tr\/wp-content\/uploads\/2025\/05\/Ege-Universitesinde-Hidirellez-coskuyla-kutlandi-7-300x200.jpg 300w, https:\/\/egeajans.ege.edu.tr\/wp-content\/uploads\/2025\/05\/Ege-Universitesinde-Hidirellez-coskuyla-kutlandi-7-1024x683.jpg 1024w, https:\/\/egeajans.ege.edu.tr\/wp-content\/uploads\/2025\/05\/Ege-Universitesinde-Hidirellez-coskuyla-kutlandi-7-768x512.jpg 768w, https:\/\/egeajans.ege.edu.tr\/wp-content\/uploads\/2025\/05\/Ege-Universitesinde-Hidirellez-coskuyla-kutlandi-7.jpg 1500w\" sizes=\"auto, (max-width: 300px) 100vw, 300px\" \/><\/a>\n\t\t\t<\/div><\/figure><figure class='gallery-item'>\n\t\t\t<div class='gallery-icon landscape'>\n\t\t\t\t<a href='https:\/\/egeajans.ege.edu.tr\/wp-content\/uploads\/2025\/05\/Ege-Universitesinde-Hidirellez-coskuyla-kutlandi-6.jpg'><img loading=\"lazy\" decoding=\"async\" width=\"300\" height=\"200\" src=\"https:\/\/egeajans.ege.edu.tr\/wp-content\/uploads\/2025\/05\/Ege-Universitesinde-Hidirellez-coskuyla-kutlandi-6-300x200.jpg\" class=\"attachment-medium size-medium\" alt=\"\" srcset=\"https:\/\/egeajans.ege.edu.tr\/wp-content\/uploads\/2025\/05\/Ege-Universitesinde-Hidirellez-coskuyla-kutlandi-6-300x200.jpg 300w, https:\/\/egeajans.ege.edu.tr\/wp-content\/uploads\/2025\/05\/Ege-Universitesinde-Hidirellez-coskuyla-kutlandi-6-1024x683.jpg 1024w, https:\/\/egeajans.ege.edu.tr\/wp-content\/uploads\/2025\/05\/Ege-Universitesinde-Hidirellez-coskuyla-kutlandi-6-768x512.jpg 768w, https:\/\/egeajans.ege.edu.tr\/wp-content\/uploads\/2025\/05\/Ege-Universitesinde-Hidirellez-coskuyla-kutlandi-6.jpg 1500w\" sizes=\"auto, (max-width: 300px) 100vw, 300px\" \/><\/a>\n\t\t\t<\/div><\/figure><figure class='gallery-item'>\n\t\t\t<div class='gallery-icon landscape'>\n\t\t\t\t<a href='https:\/\/egeajans.ege.edu.tr\/wp-content\/uploads\/2025\/05\/Ege-Universitesinde-Hidirellez-coskuyla-kutlandi-4.jpg'><img loading=\"lazy\" decoding=\"async\" width=\"300\" height=\"200\" src=\"https:\/\/egeajans.ege.edu.tr\/wp-content\/uploads\/2025\/05\/Ege-Universitesinde-Hidirellez-coskuyla-kutlandi-4-300x200.jpg\" class=\"attachment-medium size-medium\" alt=\"\" srcset=\"https:\/\/egeajans.ege.edu.tr\/wp-content\/uploads\/2025\/05\/Ege-Universitesinde-Hidirellez-coskuyla-kutlandi-4-300x200.jpg 300w, https:\/\/egeajans.ege.edu.tr\/wp-content\/uploads\/2025\/05\/Ege-Universitesinde-Hidirellez-coskuyla-kutlandi-4-1024x683.jpg 1024w, https:\/\/egeajans.ege.edu.tr\/wp-content\/uploads\/2025\/05\/Ege-Universitesinde-Hidirellez-coskuyla-kutlandi-4-768x512.jpg 768w, https:\/\/egeajans.ege.edu.tr\/wp-content\/uploads\/2025\/05\/Ege-Universitesinde-Hidirellez-coskuyla-kutlandi-4.jpg 1500w\" sizes=\"auto, (max-width: 300px) 100vw, 300px\" \/><\/a>\n\t\t\t<\/div><\/figure><figure class='gallery-item'>\n\t\t\t<div class='gallery-icon landscape'>\n\t\t\t\t<a href='https:\/\/egeajans.ege.edu.tr\/wp-content\/uploads\/2025\/05\/Ege-Universitesinde-Hidirellez-coskuyla-kutlandi-2.jpg'><img loading=\"lazy\" decoding=\"async\" width=\"300\" height=\"200\" src=\"https:\/\/egeajans.ege.edu.tr\/wp-content\/uploads\/2025\/05\/Ege-Universitesinde-Hidirellez-coskuyla-kutlandi-2-300x200.jpg\" class=\"attachment-medium size-medium\" alt=\"\" srcset=\"https:\/\/egeajans.ege.edu.tr\/wp-content\/uploads\/2025\/05\/Ege-Universitesinde-Hidirellez-coskuyla-kutlandi-2-300x200.jpg 300w, https:\/\/egeajans.ege.edu.tr\/wp-content\/uploads\/2025\/05\/Ege-Universitesinde-Hidirellez-coskuyla-kutlandi-2-1024x683.jpg 1024w, https:\/\/egeajans.ege.edu.tr\/wp-content\/uploads\/2025\/05\/Ege-Universitesinde-Hidirellez-coskuyla-kutlandi-2-768x512.jpg 768w, https:\/\/egeajans.ege.edu.tr\/wp-content\/uploads\/2025\/05\/Ege-Universitesinde-Hidirellez-coskuyla-kutlandi-2.jpg 1500w\" sizes=\"auto, (max-width: 300px) 100vw, 300px\" \/><\/a>\n\t\t\t<\/div><\/figure><figure class='gallery-item'>\n\t\t\t<div class='gallery-icon landscape'>\n\t\t\t\t<a href='https:\/\/egeajans.ege.edu.tr\/wp-content\/uploads\/2025\/05\/Ege-Universitesinde-Hidirellez-coskuyla-kutlandi-1.jpg'><img loading=\"lazy\" decoding=\"async\" width=\"300\" height=\"200\" src=\"https:\/\/egeajans.ege.edu.tr\/wp-content\/uploads\/2025\/05\/Ege-Universitesinde-Hidirellez-coskuyla-kutlandi-1-300x200.jpg\" class=\"attachment-medium size-medium\" alt=\"\" srcset=\"https:\/\/egeajans.ege.edu.tr\/wp-content\/uploads\/2025\/05\/Ege-Universitesinde-Hidirellez-coskuyla-kutlandi-1-300x200.jpg 300w, https:\/\/egeajans.ege.edu.tr\/wp-content\/uploads\/2025\/05\/Ege-Universitesinde-Hidirellez-coskuyla-kutlandi-1-1024x683.jpg 1024w, https:\/\/egeajans.ege.edu.tr\/wp-content\/uploads\/2025\/05\/Ege-Universitesinde-Hidirellez-coskuyla-kutlandi-1-768x512.jpg 768w, https:\/\/egeajans.ege.edu.tr\/wp-content\/uploads\/2025\/05\/Ege-Universitesinde-Hidirellez-coskuyla-kutlandi-1.jpg 1500w\" sizes=\"auto, (max-width: 300px) 100vw, 300px\" \/><\/a>\n\t\t\t<\/div><\/figure>\n\t\t<\/div>\n\n","protected":false},"excerpt":{"rendered":"<p>Ege \u00dcniversitesi T\u00fcrk D\u00fcnyas\u0131 Ara\u015ft\u0131rmalar\u0131 Enstit\u00fcs\u00fc taraf\u0131ndan \u201cH\u0131d\u0131rellez \u015eenli\u011fi\u201d co\u015fkuyla ger\u00e7ekle\u015ftirildi. Etkinli\u011fe, K\u00fclt\u00fcr ve Turizm Bakanl\u0131\u011f\u0131 Ya\u015fayan Miras ve K\u00fclt\u00fcrel Etkinlikler Genel M\u00fcd\u00fcr\u00fc Selim Terzi, Ege \u00dcniversitesi T\u00fcrk D\u00fcnyas\u0131 Ara\u015ft\u0131rmalar\u0131&hellip;<\/p>\n","protected":false},"author":2,"featured_media":27406,"comment_status":"open","ping_status":"open","sticky":false,"template":"","format":"standard","meta":{"footnotes":""},"categories":[99,1,70],"tags":[],"class_list":["post-27405","post","type-post","status-publish","format-standard","has-post-thumbnail","hentry","category-egitim","category-gncl","category-kampus"],"_links":{"self":[{"href":"https:\/\/egeajans.ege.edu.tr\/index.php\/wp-json\/wp\/v2\/posts\/27405","targetHints":{"allow":["GET"]}}],"collection":[{"href":"https:\/\/egeajans.ege.edu.tr\/index.php\/wp-json\/wp\/v2\/posts"}],"about":[{"href":"https:\/\/egeajans.ege.edu.tr\/index.php\/wp-json\/wp\/v2\/types\/post"}],"author":[{"embeddable":true,"href":"https:\/\/egeajans.ege.edu.tr\/index.php\/wp-json\/wp\/v2\/users\/2"}],"replies":[{"embeddable":true,"href":"https:\/\/egeajans.ege.edu.tr\/index.php\/wp-json\/wp\/v2\/comments?post=27405"}],"version-history":[{"count":1,"href":"https:\/\/egeajans.ege.edu.tr\/index.php\/wp-json\/wp\/v2\/posts\/27405\/revisions"}],"predecessor-version":[{"id":27417,"href":"https:\/\/egeajans.ege.edu.tr\/index.php\/wp-json\/wp\/v2\/posts\/27405\/revisions\/27417"}],"wp:featuredmedia":[{"embeddable":true,"href":"https:\/\/egeajans.ege.edu.tr\/index.php\/wp-json\/wp\/v2\/media\/27406"}],"wp:attachment":[{"href":"https:\/\/egeajans.ege.edu.tr\/index.php\/wp-json\/wp\/v2\/media?parent=27405"}],"wp:term":[{"taxonomy":"category","embeddable":true,"href":"https:\/\/egeajans.ege.edu.tr\/index.php\/wp-json\/wp\/v2\/categories?post=27405"},{"taxonomy":"post_tag","embeddable":true,"href":"https:\/\/egeajans.ege.edu.tr\/index.php\/wp-json\/wp\/v2\/tags?post=27405"}],"curies":[{"name":"wp","href":"https:\/\/api.w.org\/{rel}","templated":true}]}}