{"id":26960,"date":"2025-04-11T11:15:40","date_gmt":"2025-04-11T11:15:40","guid":{"rendered":"https:\/\/egeajans.ege.edu.tr\/?p=26960"},"modified":"2025-04-11T11:19:41","modified_gmt":"2025-04-11T11:19:41","slug":"eude-izmirde-ilmi-ve-kulturel-hayat-sempozyumu-basladi","status":"publish","type":"post","link":"https:\/\/egeajans.ege.edu.tr\/index.php\/2025\/04\/11\/eude-izmirde-ilmi-ve-kulturel-hayat-sempozyumu-basladi\/","title":{"rendered":"E\u00dc\u2019de \u201c\u0130zmir\u2019de \u0130lm\u00ee ve K\u00fclt\u00fcrel Hayat\u201d sempozyumu ba\u015flad\u0131"},"content":{"rendered":"<p style=\"text-align: justify;\"><strong>\u0130zmir\u2019in tarihini ve k\u00fclt\u00fcrel hayat\u0131n\u0131 ara\u015ft\u0131ran bilim insanlar\u0131 Ege \u00dcniversitesinde bir araya geldi<\/strong><\/p>\n<p style=\"text-align: justify;\">\u00a0Ege \u00dcniversitesi Birgivi \u0130lahiyat Fak\u00fcltesi taraf\u0131ndan d\u00fczenlenen\u00a0 \u201c\u0130zmir\u2019de \u0130lm\u00ee ve K\u00fclt\u00fcrel Hayat I (14-16. yy)\u201d ba\u015fl\u0131kl\u0131 sempozyum a\u00e7\u0131l\u0131\u015f konu\u015fmalar\u0131 ile ba\u015flad\u0131.<\/p>\n<p style=\"text-align: justify;\">\u00a0Ege \u00dcniversitesi K\u00fclt\u00fcr ve Sanat Evinde yap\u0131lan sempozyumun a\u00e7\u0131l\u0131\u015f\u0131na; Bornova Kaymakam\u0131 Muzaffer \u015eahiner, Ege \u00dcniversitesi Rekt\u00f6r Yard\u0131mc\u0131s\u0131 Prof. Dr. Mehmet Ersan, Bornova M\u00fcft\u00fcs\u00fc Fethullah Yavuz, Ege \u00dcniversitesi Birgivi \u0130lahiyat Fak\u00fcltesi Dekan\u0131 Prof. Dr. Muhammet Hanefi Palab\u0131y\u0131k, Ege \u00dcniversitesi E\u011fitim Fak\u00fcltesi Dekan\u0131 Osman Ferda Beytekin, Ege \u00dcniversitesi G\u00fczel Sanatlar, Tasar\u0131m ve Mimarl\u0131k Fak\u00fcltesi Dekan\u0131 Prof. Dr. Alev Fato\u015f Parsa, Dokuz Eyl\u00fcl \u00dcniversitesi \u0130lahiyat Fak\u00fcltesi Dekan Yard\u0131mc\u0131s\u0131 Prof. Dr. Emrah Dindi, Ege \u00dcniversitesi Birgivi \u0130lahiyat Fak\u00fcltesi Dekan Yard\u0131mc\u0131lar\u0131 Dr. \u00d6\u011fr. \u00dcyesi H\u00fcseyin Topal ile Dr. \u00d6\u011fr. \u00dcyesi Mehmet \u00d6demi\u015f,\u00a0 idari-akademik \u00e7al\u0131\u015fanlar, konunun uzmanlar\u0131 ve \u00f6\u011frenciler kat\u0131ld\u0131.<\/p>\n<p style=\"text-align: justify;\"><img loading=\"lazy\" decoding=\"async\" class=\"size-medium wp-image-26961 alignleft\" src=\"http:\/\/egeajans.ege.edu.tr\/wp-content\/uploads\/2025\/04\/Rektor-Yardimcisi-Prof.-Dr.-Mehmet-Ersan-300x200.jpg\" alt=\"\" width=\"300\" height=\"200\" srcset=\"https:\/\/egeajans.ege.edu.tr\/wp-content\/uploads\/2025\/04\/Rektor-Yardimcisi-Prof.-Dr.-Mehmet-Ersan-300x200.jpg 300w, https:\/\/egeajans.ege.edu.tr\/wp-content\/uploads\/2025\/04\/Rektor-Yardimcisi-Prof.-Dr.-Mehmet-Ersan-1024x683.jpg 1024w, https:\/\/egeajans.ege.edu.tr\/wp-content\/uploads\/2025\/04\/Rektor-Yardimcisi-Prof.-Dr.-Mehmet-Ersan-768x512.jpg 768w, https:\/\/egeajans.ege.edu.tr\/wp-content\/uploads\/2025\/04\/Rektor-Yardimcisi-Prof.-Dr.-Mehmet-Ersan.jpg 1500w\" sizes=\"auto, (max-width: 300px) 100vw, 300px\" \/>Sempozyumun a\u00e7\u0131l\u0131\u015f\u0131nda konu\u015fan Ege \u00dcniversitesi Rekt\u00f6r Yard\u0131mc\u0131s\u0131 Prof. Dr. Mehmet Ersan, \u201cBirgivi \u0130lahiyat Fak\u00fcltemizin haz\u0131rlam\u0131\u015f oldu\u011fu \u0130zmir\u2019de \u0130lmi ve K\u00fclt\u00fcrel Hayat konulu sempozyuma ho\u015f geldiniz, onur verdiniz. Haf\u0131zam\u0131z\u0131 g\u00fc\u00e7l\u00fc, bilin\u00e7li ve sa\u011fl\u0131kl\u0131 tutman\u0131n yolunun, tarihi ve tarih\u00e7ileri g\u00f6z \u00f6n\u00fcnde tutmaktan ge\u00e7ti\u011fini s\u00f6ylemek isterim. \u00c7\u00fcnk\u00fc ki\u015filer kendini, konumunu ve kimli\u011fini ve daha da \u00f6tesi d\u00fcnyadaki yerini ancak tarih yard\u0131m\u0131yla bilir. Ge\u00e7mi\u015fe bakarak gelece\u011fini g\u00f6r\u00fcr ve kurar, ayn\u0131 zamanda kendini bilmesine yard\u0131mc\u0131 olan bu durum sayesinde Rabbini de bilir. \u0130\u015fte bu bilmeye yard\u0131mc\u0131 olarak ara\u00e7lardan biri olan \u201cmek\u00e2n\u201d tan\u0131ma hakk\u0131nda haz\u0131rlanan bir sempozyuma i\u015ftirak ederek ve tarihsel bir b\u00f6lge ve d\u00f6nem hakk\u0131nda \u0130zmir ve 14-16. y\u00fczy\u0131llar\u0131n\u0131 konu\u015farak haf\u0131zam\u0131 yenileyecek ve bilincimizi geli\u015ftirece\u011fiz\u201d dedi.<\/p>\n<p style=\"text-align: justify;\"><strong>\u201cSempozyum, bug\u00fcnk\u00fc baz\u0131 tart\u0131\u015fmalara da cevap olacak nitelikte\u201d<\/strong><\/p>\n<p style=\"text-align: justify;\">Tarih\u00e7ilik a\u00e7\u0131s\u0131ndan bu d\u00f6nemleri ele alman\u0131n ve gelecek olan \u201c\u0130zmir Sempozyumu II\u201d ba\u015fl\u0131kl\u0131 toplant\u0131lar\u0131n \u00e7ok \u00f6nemli oldu\u011funu ifade eden Prof. Dr. Mehmet Ersan, \u201c\u00c7\u00fcnk\u00fc bug\u00fcn\u00fcm\u00fcz orada sakl\u0131, \u015fu an\u0131m\u0131z\u0131n k\u00f6kleri orada. Bunlar\u0131n bilinmesi ve sonras\u0131na etkisinin ortaya \u00e7\u0131kar\u0131lmas\u0131 \u00f6nemli bir faaliyettir. Bilgimiz ne kadar geni\u015f ve zenginse, bak\u0131\u015f\u0131m\u0131z da o kadar do\u011fruya kayar. Bu y\u00fczden \u00e7ok \u00e7e\u015fitli alanlardan m\u00fcracaatla olu\u015fan oturumlar\u0131n m\u00fcmk\u00fcn oldu\u011funca takip edilmesi, hepimizin bilgi da\u011farc\u0131\u011f\u0131n\u0131 zenginle\u015ftirecek ve daha do\u011fru d\u00fc\u015f\u00fcnce ve senteze gitmemizi sa\u011flayacak. Devletimizin konu\u015fland\u0131\u011f\u0131 bu topraklar\u0131n, bizim i\u00e7in vatan yap\u0131lmaya ba\u015fland\u0131\u011f\u0131 ve bu yap\u0131lanman\u0131n ne suretle ve nas\u0131l bir \u00e7abayla ortaya kondu\u011fu d\u00f6nemleri baz\u0131 a\u00e7\u0131lardan ele alan bu sempozyum, bug\u00fcnk\u00fc baz\u0131 tart\u0131\u015fmalara da cevap olacak niteliktedir. Bunun en basit \u00f6rne\u011fi, \u2018vatan olma\u2019 s\u00fcre\u00e7 ve ser\u00fcveninin ilk ba\u015flang\u0131c\u0131n\u0131 g\u00f6rmektir. Yani \u2018fetih\u2019 olgusu, sadece k\u0131l\u0131\u00e7la veya silahla de\u011fil, \u00e7ok y\u00f6nl\u00fc ve \u00e7ok zahmetli bir s\u00fcre\u00e7tir ki, sempozyum tebli\u011flerindeki bir\u00e7ok ba\u015fl\u0131k da bunu ortaya koyacak niteliktedir\u201d diye konu\u015ftu.<\/p>\n<p style=\"text-align: justify;\">Prof. Dr. Mehmet Ersan, \u201cAkademik d\u00fcnyadan beklenen, bu kurumlar\u0131 di\u011fer kurumlardan ve e\u011fitimle ilgilenen cemaatlerden ay\u0131ran en belirgin faaliyet, konferans, panel, \u00e7al\u0131\u015ftay, at\u00f6lye ve sempozyum \u00e7al\u0131\u015fmalar\u0131 yapmalar\u0131d\u0131r. Bunlar, hem akademik ve ilmi birikimlerin payla\u015f\u0131ld\u0131\u011f\u0131 ve hem de tart\u0131\u015fmaya a\u00e7\u0131larak test etmeye ve geli\u015fip yenile\u015fmeye imk\u00e2n veren faaliyetlerdir. Birgivi \u0130lahiyat Fak\u00fcltemiz, birka\u00e7 senedir, bir \u00e7o\u011funa kat\u0131lamamakla birlikte haberdar oldu\u011fum \u00e7ok say\u0131da mezkur tarzda programa imza att\u0131. Ba\u015f\u0131ndan bug\u00fcne kadar sempozyumun haz\u0131rlanmas\u0131nda eme\u011fi ge\u00e7enlere ve kat\u0131l\u0131m\u0131n\u0131z i\u00e7in sizlere te\u015fekk\u00fcr eder, sempozyumun ba\u015far\u0131l\u0131 ge\u00e7mi\u015fini temenni eder, hay\u0131rlara vesile olmas\u0131n\u0131 dilerim\u201d dedi.<\/p>\n<p style=\"text-align: justify;\"><strong>\u201cHem kentimizin hem de \u00fclkemizin k\u00fclt\u00fcrel birikimine katk\u0131 sunacak\u201d<\/strong><\/p>\n<p style=\"text-align: justify;\"><img loading=\"lazy\" decoding=\"async\" class=\"size-medium wp-image-26962 alignright\" src=\"http:\/\/egeajans.ege.edu.tr\/wp-content\/uploads\/2025\/04\/Bornova-Kaymakami-Muzaffer-Sahiner-300x200.jpg\" alt=\"\" width=\"300\" height=\"200\" srcset=\"https:\/\/egeajans.ege.edu.tr\/wp-content\/uploads\/2025\/04\/Bornova-Kaymakami-Muzaffer-Sahiner-300x200.jpg 300w, https:\/\/egeajans.ege.edu.tr\/wp-content\/uploads\/2025\/04\/Bornova-Kaymakami-Muzaffer-Sahiner-1024x683.jpg 1024w, https:\/\/egeajans.ege.edu.tr\/wp-content\/uploads\/2025\/04\/Bornova-Kaymakami-Muzaffer-Sahiner-768x512.jpg 768w, https:\/\/egeajans.ege.edu.tr\/wp-content\/uploads\/2025\/04\/Bornova-Kaymakami-Muzaffer-Sahiner.jpg 1500w\" sizes=\"auto, (max-width: 300px) 100vw, 300px\" \/>Bornova Kaymakam\u0131 Muzaffer \u015eahiner, \u201cBu k\u0131ymetli sempozyumda bulunmaktan b\u00fcy\u00fck bir memnuniyet\u00a0duyuyorum. B\u00f6ylesine derin bir tarih\u00ee ve k\u00fclt\u00fcrel ge\u00e7mi\u015fe sahip olan \u0130zmir\u2019in, \u00f6zellikle 14. ve 16. y\u00fczy\u0131llar aras\u0131ndaki ilm\u00ee geli\u015fmelerinin akademik bir zeminde ele al\u0131nmas\u0131, hem kentimizin hem de \u00fclkemizin k\u00fclt\u00fcrel birikimine \u00f6nemli katk\u0131lar sunmaktad\u0131r. Bu anlaml\u0131 sempozyumun Bornova\u2019da, k\u00f6kl\u00fc bir e\u011fitim ve k\u00fclt\u00fcr merkezi olan Ege \u00dcniversitesi \u00e7at\u0131s\u0131 alt\u0131nda ger\u00e7ekle\u015ftirilmi\u015f olmas\u0131 da bizler i\u00e7in ayr\u0131 bir gurur kayna\u011f\u0131d\u0131r. Bu t\u00fcr etkinliklerin, il\u00e7emizin bilim ve k\u00fclt\u00fcr alan\u0131ndaki de\u011ferini daha da peki\u015ftirece\u011fine y\u00fcrekten inan\u0131yorum\u201d dedi.<\/p>\n<p style=\"text-align: justify;\"><strong>\u201c\u0130zmir\u2019in tarih\u00ee ve k\u00fclt\u00fcrel miras\u0131na \u0131\u015f\u0131k tutulacak\u201d<\/strong><\/p>\n<p style=\"text-align: justify;\"><img loading=\"lazy\" decoding=\"async\" class=\"size-medium wp-image-26963 alignleft\" src=\"http:\/\/egeajans.ege.edu.tr\/wp-content\/uploads\/2025\/04\/Dekan-Prof.-Dr.-Muhammet-Hanefi-Palabiyik2-300x200.jpg\" alt=\"\" width=\"300\" height=\"200\" srcset=\"https:\/\/egeajans.ege.edu.tr\/wp-content\/uploads\/2025\/04\/Dekan-Prof.-Dr.-Muhammet-Hanefi-Palabiyik2-300x200.jpg 300w, https:\/\/egeajans.ege.edu.tr\/wp-content\/uploads\/2025\/04\/Dekan-Prof.-Dr.-Muhammet-Hanefi-Palabiyik2-1024x683.jpg 1024w, https:\/\/egeajans.ege.edu.tr\/wp-content\/uploads\/2025\/04\/Dekan-Prof.-Dr.-Muhammet-Hanefi-Palabiyik2-768x512.jpg 768w, https:\/\/egeajans.ege.edu.tr\/wp-content\/uploads\/2025\/04\/Dekan-Prof.-Dr.-Muhammet-Hanefi-Palabiyik2.jpg 1500w\" sizes=\"auto, (max-width: 300px) 100vw, 300px\" \/>Ege \u00dcniversitesi Birgivi \u0130lahiyat Fak\u00fcltesi Dekan\u0131 Prof. Dr. Muhammet Hanefi Palab\u0131y\u0131k, \u201cBug\u00fcn burada, \u0130zmir\u2019in\u00a0tarih\u00ee ve k\u00fclt\u00fcrel miras\u0131na \u0131\u015f\u0131k tutan \u00f6nemli bir akademik etkinlikte bir araya gelmi\u015f olmaktan b\u00fcy\u00fck bir memnuniyet duyuyorum. \u2018\u0130zmir\u2019de \u0130lm\u00ee ve K\u00fclt\u00fcrel Hayat I (14-16. yy)\u2019 ba\u015fl\u0131kl\u0131 bu sempozyumun hayata ge\u00e7irilmesinde eme\u011fi ge\u00e7en herkese y\u00fcrekten te\u015fekk\u00fcr ediyorum. Ba\u015fta bizlere her zaman destek olan Say\u0131n Rekt\u00f6r\u00fcm\u00fcz Prof. Dr. Necdet Budak, Say\u0131n Rekt\u00f6r Yard\u0131mc\u0131m\u0131z Prof. Dr. Mehmet Ersan hocam\u0131za ve \u00fcniversitemizin de\u011ferli \u00fcst y\u00f6netimine \u015f\u00fckranlar\u0131m\u0131 sunuyorum. Ayr\u0131ca bu s\u00fcrecin her a\u015famas\u0131nda \u00f6zveriyle \u00e7al\u0131\u015fan fak\u00fcltemizin k\u0131ymetli akademik ve idari personeli ve \u00f6\u011frencilerimize de te\u015fekk\u00fcr\u00fc bir bor\u00e7 biliyorum. Bu sempozyumun oda\u011f\u0131nda yer alan 14. ile 16. y\u00fczy\u0131llar aras\u0131 d\u00f6nem, \u0130zmir\u2019in ilm\u00ee ve k\u00fclt\u00fcrel kimli\u011finin \u015fekillendi\u011fi, pek \u00e7ok de\u011ferli \u015fahsiyetin ve ilim merkezinin ortaya \u00e7\u0131kt\u0131\u011f\u0131 son derece \u00f6nemli bir zaman dilimidir. Bu miras\u0131 anlamak, sadece ge\u00e7mi\u015fi bilmek de\u011fil; gelece\u011fe daha sa\u011flam ad\u0131mlarla y\u00fcr\u00fcmek demektir. Bu vesileyle \u00f6zellikle gen\u00e7 akademisyen ve \u00f6\u011frencilere seslenmek istiyorum: Yorulmadan, y\u0131lmadan \u00e7al\u0131\u015f\u0131n. \u00c7\u00fcnk\u00fc bilgiye duyulan ihtiya\u00e7 hi\u00e7bir zaman azalmayacak. Sizler bu miras\u0131 gelece\u011fe ta\u015f\u0131yacak nesillersiniz. Unutmay\u0131n ki bilim yolculu\u011fu sab\u0131r, azim ve tutkuyla y\u00fcr\u00fcn\u00fcr\u201d diye konu\u015ftu.<\/p>\n<p style=\"text-align: justify;\"><strong><img loading=\"lazy\" decoding=\"async\" class=\"size-medium wp-image-26964 alignright\" src=\"http:\/\/egeajans.ege.edu.tr\/wp-content\/uploads\/2025\/04\/DSC_0252-300x200.jpg\" alt=\"\" width=\"300\" height=\"200\" srcset=\"https:\/\/egeajans.ege.edu.tr\/wp-content\/uploads\/2025\/04\/DSC_0252-300x200.jpg 300w, https:\/\/egeajans.ege.edu.tr\/wp-content\/uploads\/2025\/04\/DSC_0252-1024x683.jpg 1024w, https:\/\/egeajans.ege.edu.tr\/wp-content\/uploads\/2025\/04\/DSC_0252-768x512.jpg 768w, https:\/\/egeajans.ege.edu.tr\/wp-content\/uploads\/2025\/04\/DSC_0252.jpg 1500w\" sizes=\"auto, (max-width: 300px) 100vw, 300px\" \/>\u201cAlimler, Eserler, Kurumlar, Fikirler ve Toplumsal Yans\u0131malar\u201d<\/strong><\/p>\n<p style=\"text-align: justify;\">Y\u00fcz y\u00fcze ve \u00e7evrimi\u00e7i olarak \u201cAlimler, Eserler, Kurumlar, Fikirler ve Toplumsal Yans\u0131malar\u201d temas\u0131 ile yap\u0131lan sempozyum kapsam\u0131nda \u0130zmir ve \u00e7evresinde ilim ve k\u00fclt\u00fcr hayat\u0131nda iz b\u0131rakan \u015fahsiyetler, dini yap\u0131lar, kurumlar, tarihi mek\u00e2nlar, din ve toplum, e\u011fitim, dil, sanat, musiki gibi konular konu\u015fulacak. Tarih, k\u00fclt\u00fcr ve bilim alanlar\u0131nda \u00e7al\u0131\u015fan akademisyenleri bir araya getirerek, \u015fehrin Osmanl\u0131 \u00f6ncesi ve erken Osmanl\u0131 d\u00f6nemlerindeki entelekt\u00fcel ve k\u00fclt\u00fcrel yap\u0131s\u0131 \u00e7ok boyutlu olarak ele al\u0131nacak. Sempozyumda sunulan bildirilerle, d\u00f6nemin ilim merkezleri, e\u011fitim kurumlar\u0131, edeb\u00ee ve sanatsal faaliyetleri \u00fczerine derinlemesine analizler yap\u0131lacak.<\/p>\n<p>\u00a0<\/p>\n<p>\u00a0<\/p>\n<p style=\"text-align: justify;\">\u00a0<\/p>\n","protected":false},"excerpt":{"rendered":"<p>\u0130zmir\u2019in tarihini ve k\u00fclt\u00fcrel hayat\u0131n\u0131 ara\u015ft\u0131ran bilim insanlar\u0131 Ege \u00dcniversitesinde bir araya geldi \u00a0Ege \u00dcniversitesi Birgivi \u0130lahiyat Fak\u00fcltesi taraf\u0131ndan d\u00fczenlenen\u00a0 \u201c\u0130zmir\u2019de \u0130lm\u00ee ve K\u00fclt\u00fcrel Hayat I (14-16. yy)\u201d ba\u015fl\u0131kl\u0131 sempozyum&hellip;<\/p>\n","protected":false},"author":2,"featured_media":26968,"comment_status":"open","ping_status":"open","sticky":false,"template":"","format":"standard","meta":{"footnotes":""},"categories":[69,99,11,70],"tags":[],"class_list":["post-26960","post","type-post","status-publish","format-standard","has-post-thumbnail","hentry","category-bilim","category-egitim","category-haber","category-kampus"],"_links":{"self":[{"href":"https:\/\/egeajans.ege.edu.tr\/index.php\/wp-json\/wp\/v2\/posts\/26960","targetHints":{"allow":["GET"]}}],"collection":[{"href":"https:\/\/egeajans.ege.edu.tr\/index.php\/wp-json\/wp\/v2\/posts"}],"about":[{"href":"https:\/\/egeajans.ege.edu.tr\/index.php\/wp-json\/wp\/v2\/types\/post"}],"author":[{"embeddable":true,"href":"https:\/\/egeajans.ege.edu.tr\/index.php\/wp-json\/wp\/v2\/users\/2"}],"replies":[{"embeddable":true,"href":"https:\/\/egeajans.ege.edu.tr\/index.php\/wp-json\/wp\/v2\/comments?post=26960"}],"version-history":[{"count":3,"href":"https:\/\/egeajans.ege.edu.tr\/index.php\/wp-json\/wp\/v2\/posts\/26960\/revisions"}],"predecessor-version":[{"id":26970,"href":"https:\/\/egeajans.ege.edu.tr\/index.php\/wp-json\/wp\/v2\/posts\/26960\/revisions\/26970"}],"wp:featuredmedia":[{"embeddable":true,"href":"https:\/\/egeajans.ege.edu.tr\/index.php\/wp-json\/wp\/v2\/media\/26968"}],"wp:attachment":[{"href":"https:\/\/egeajans.ege.edu.tr\/index.php\/wp-json\/wp\/v2\/media?parent=26960"}],"wp:term":[{"taxonomy":"category","embeddable":true,"href":"https:\/\/egeajans.ege.edu.tr\/index.php\/wp-json\/wp\/v2\/categories?post=26960"},{"taxonomy":"post_tag","embeddable":true,"href":"https:\/\/egeajans.ege.edu.tr\/index.php\/wp-json\/wp\/v2\/tags?post=26960"}],"curies":[{"name":"wp","href":"https:\/\/api.w.org\/{rel}","templated":true}]}}