{"id":18739,"date":"2023-12-18T06:57:18","date_gmt":"2023-12-18T06:57:18","guid":{"rendered":"https:\/\/egeajans.ege.edu.tr\/?p=18739"},"modified":"2023-12-18T06:57:19","modified_gmt":"2023-12-18T06:57:19","slug":"egeli-akademisyenlerden-cocuklarin-hastane-fobisine-yonelik-proje","status":"publish","type":"post","link":"https:\/\/egeajans.ege.edu.tr\/index.php\/2023\/12\/18\/egeli-akademisyenlerden-cocuklarin-hastane-fobisine-yonelik-proje\/","title":{"rendered":"Egeli akademisyenlerden \u00e7ocuklar\u0131n hastane fobisine y\u00f6nelik proje"},"content":{"rendered":"<p style=\"text-align: justify;\">Ege \u00dcniversitesi T\u0131p Fak\u00fcltesi Anesteziyoloji ve Reanimasyon Anabilim Dal\u0131 ile Ortopedi Anabilim Dal\u0131 i\u015f birli\u011finde \u00e7ocuklar\u0131n ameliyat \u00f6ncesi olu\u015fan korkular\u0131na gidermeye y\u00f6nelik sosyal sorumluk projesi hayata ge\u00e7irildi. Anesteziyoloji ve Reanimasyon Anabilim Dal\u0131 \u00f6\u011fretim eleman\u0131 Uzman Dr. Zeynep \u00c7a\u011f\u0131ran koordinat\u00f6rl\u00fc\u011f\u00fcndeki proje kapsam\u0131nda \u00e7ocuklarda operasyon \u00f6ncesi stres ve kayg\u0131y\u0131 azaltmak amac\u0131yla \u00e7ocuk ya\u015f grubuna y\u00f6nelik \u201cTolga Ameliyat Oluyor\u201d bilgilendirme kitap\u00e7\u0131\u011f\u0131 bas\u0131ld\u0131. Ayr\u0131ca proje de yine \u00e7ocuklara y\u00f6nelik bir \u00e7izgi film de haz\u0131rland\u0131.<\/p>\n<p style=\"text-align: justify;\">Ege \u00dcniversitesi Rekt\u00f6r\u00fc Prof. Dr. Necdet Budak, proje ekibini makam\u0131nda a\u011f\u0131rlayarak tebrik etti. Rekt\u00f6r Prof. Dr. Budak, \u201cEge \u00dcniversitesi olarak \u00f6\u011frencilerimizin ve \u00e7al\u0131\u015fanlar\u0131m\u0131z\u0131n toplumsal sorunlar\u0131n \u00e7\u00f6z\u00fcm\u00fcnde birlikte \u00e7al\u0131\u015fmalar\u0131n\u0131 sa\u011flayarak, sosyal sorumluluklar\u0131n\u0131 g\u00fc\u00e7lendirmeye \u00e7al\u0131\u015f\u0131yoruz. Hem akademik personellerimizin hem de \u00f6\u011frencilerimizin haz\u0131rlam\u0131\u015f oldu\u011fu projeleri destekliyoruz. Bu kapsamda Uzman Dr. Zeynep \u00c7a\u011f\u0131ran\u2019\u0131n koordinat\u00f6rl\u00fc\u011f\u00fcnde \u00e7ocuklarda ameliyat \u00f6ncesi korkulara y\u00f6nelik geli\u015ftirdikleri sosyal sorumluluk projesini \u00e7ok k\u0131ymetli buluyor, proje ekibine \u00e7al\u0131\u015fmalar\u0131nda ba\u015far\u0131lar diliyorum\u201d dedi.<\/p>\n<p style=\"text-align: justify;\">Ege \u00dcniversitesi T\u0131p Fak\u00fcltesi Anesteziyoloji ve Reanimasyon Anabilim Dal\u0131 ile Ortopedi Anabilim Dal\u0131 i\u015f birli\u011finde \u00e7ocuklar\u0131n ameliyat \u00f6ncesi olu\u015fan korkular\u0131na gidermeye y\u00f6nelik sosyal sorumluk projesi hayata ge\u00e7irildi. Anesteziyoloji ve Reanimasyon Anabilim Dal\u0131 \u00f6\u011fretim eleman\u0131 Uzman Dr. Zeynep \u00c7a\u011f\u0131ran koordinat\u00f6rl\u00fc\u011f\u00fcndeki proje kapsam\u0131nda \u00e7ocuklarda operasyon \u00f6ncesi stres ve kayg\u0131y\u0131 azaltmak amac\u0131yla \u00e7ocuk ya\u015f grubuna y\u00f6nelik \u201cTolga Ameliyat Oluyor\u201d bilgilendirme kitap\u00e7\u0131\u011f\u0131 bas\u0131ld\u0131. Ayr\u0131ca proje de yine \u00e7ocuklara y\u00f6nelik bir \u00e7izgi film de haz\u0131rland\u0131.<\/p>\n<p style=\"text-align: justify;\"><img loading=\"lazy\" decoding=\"async\" class=\"size-medium wp-image-18741 alignright\" src=\"http:\/\/egeajans.ege.edu.tr\/wp-content\/uploads\/2023\/12\/EGE-NECDET-BUDAK-ZEYNEP-CAGIRAN-300x200.jpg\" alt=\"\" width=\"300\" height=\"200\" srcset=\"https:\/\/egeajans.ege.edu.tr\/wp-content\/uploads\/2023\/12\/EGE-NECDET-BUDAK-ZEYNEP-CAGIRAN-300x200.jpg 300w, https:\/\/egeajans.ege.edu.tr\/wp-content\/uploads\/2023\/12\/EGE-NECDET-BUDAK-ZEYNEP-CAGIRAN-1024x683.jpg 1024w, https:\/\/egeajans.ege.edu.tr\/wp-content\/uploads\/2023\/12\/EGE-NECDET-BUDAK-ZEYNEP-CAGIRAN-768x512.jpg 768w, https:\/\/egeajans.ege.edu.tr\/wp-content\/uploads\/2023\/12\/EGE-NECDET-BUDAK-ZEYNEP-CAGIRAN.jpg 1500w\" sizes=\"auto, (max-width: 300px) 100vw, 300px\" \/>Ege \u00dcniversitesi Rekt\u00f6r\u00fc Prof. Dr. Necdet Budak, proje ekibini makam\u0131nda a\u011f\u0131rlayarak tebrik etti. Rekt\u00f6r Prof. Dr. Budak, \u201cEge \u00dcniversitesi olarak \u00f6\u011frencilerimizin ve \u00e7al\u0131\u015fanlar\u0131m\u0131z\u0131n toplumsal sorunlar\u0131n \u00e7\u00f6z\u00fcm\u00fcnde birlikte \u00e7al\u0131\u015fmalar\u0131n\u0131 sa\u011flayarak, sosyal sorumluluklar\u0131n\u0131 g\u00fc\u00e7lendirmeye \u00e7al\u0131\u015f\u0131yoruz. Hem akademik personellerimizin hem de \u00f6\u011frencilerimizin haz\u0131rlam\u0131\u015f oldu\u011fu projeleri destekliyoruz. Bu kapsamda Uzman Dr. Zeynep \u00c7a\u011f\u0131ran\u2019\u0131n koordinat\u00f6rl\u00fc\u011f\u00fcnde \u00e7ocuklarda ameliyat \u00f6ncesi korkulara y\u00f6nelik geli\u015ftirdikleri sosyal sorumluluk projesini \u00e7ok k\u0131ymetli buluyor, proje ekibine \u00e7al\u0131\u015fmalar\u0131nda ba\u015far\u0131lar diliyorum\u201d dedi.<\/p>\n<p style=\"text-align: justify;\">Projenin detaylar\u0131 hakk\u0131nda bilgi veren Uzman Dr. Zeynep \u00c7a\u011f\u0131ran, \u201c\u00c7ocuklar k\u0131r\u0131k, deformite, kesi, do\u011fumsal anomaliler veya acil problemler nedeniyle s\u0131kl\u0131kla operasyona al\u0131nmaktad\u0131r. Bu \u00e7ocuk hastalar\u0131n aileleri veya \u00e7evreleri ge\u00e7irecekleri operasyon konusunda \u00e7ocuklar\u0131 yanl\u0131\u015f veya eksik bilgilendirmekte, bu da \u00e7ocuklarda ileride hastane fobisine kadar varan kayg\u0131 bozuklu\u011fu meydana getirmektedir. Ameliyat \u00f6ncesi meydana gelen bu durum \u00e7ocu\u011fun a\u011fr\u0131 alg\u0131s\u0131n\u0131 de\u011fi\u015ftirmekte a\u011fr\u0131 e\u015fi\u011fini d\u00fc\u015f\u00fcrmekte, operasyon sonras\u0131 iyile\u015fme s\u00fcrecini olumsuz etkilemektedir. Bu ama\u00e7la \u00e7ocuklarda do\u011fru bilgilendirmeyi sa\u011flamak, operasyon \u00f6ncesi stres ve kayg\u0131y\u0131 azaltmak amac\u0131yla \u00e7ocuk ya\u015f grubuna y\u00f6nelik bir \u00e7izgi film yap\u0131lmas\u0131n\u0131 ve bilgilendirme kitap\u00e7\u0131\u011f\u0131 bas\u0131lmas\u0131n\u0131 planlad\u0131k. Cumhuriyetimizin 100. Y\u0131l\u0131nda Mill\u00ee Savunma Bakanl\u0131\u011f\u0131 ve Solo T\u00fcrk ekibi g\u00f6r\u00fc\u015fmelerimiz sonucunda \u00f6zel izinleri de alarak kitap\u00e7\u0131\u011f\u0131m\u0131z ve animasyonumuzda Solo T\u00fcrk u\u00e7ak ve kahraman pilotlar\u0131m\u0131z\u0131 fig\u00fcr olarak kulland\u0131k\u201d dedi.<\/p>\n<p style=\"text-align: justify;\">Projede ekibinde E\u00dc T\u0131p Fak\u00fcltesi Ortopedi ve Travmatoloji Anabilim Dal\u0131 \u00f6\u011fretim \u00fcyeleri Prof. Dr. Kemal Aktu\u011flu ve Do\u00e7. Dr. H\u00fcseyin G\u00fcnay, E\u00dc T\u0131p Fak\u00fcltesi Anesteziyoloji ve Reanimasyon Anabilim Dal\u0131 \u00f6\u011fretim \u00fcyeleri Prof. Dr. Semra Karaman ve Do\u00e7. Dr. Nezih Sert\u00f6z, Psikolog G\u00f6k\u00fcl Karluk Er yer al\u0131yor. Proje \u00e7\u0131kt\u0131s\u0131 olarak olu\u015fturulan kitab\u0131n hik\u00e2ye yazarl\u0131\u011f\u0131n\u0131 Zeynep Pestilci \u00c7a\u011f\u0131ran ve Sefa \u015eerbet yap\u0131yor. Sosyal Sorumluluk projesi, \u00a0Anestezi ve Reanimasyon ile Ortopedi Anabilim dallar\u0131n\u0131n i\u015fbirli\u011finde yap\u0131ld\u0131.<\/p>\n<p style=\"text-align: justify;\"><img loading=\"lazy\" decoding=\"async\" class=\"size-medium wp-image-18742 alignleft\" src=\"http:\/\/egeajans.ege.edu.tr\/wp-content\/uploads\/2023\/12\/EGE-TOLGA-AMELIYAT-OLUYOR-300x295.jpg\" alt=\"\" width=\"300\" height=\"295\" srcset=\"https:\/\/egeajans.ege.edu.tr\/wp-content\/uploads\/2023\/12\/EGE-TOLGA-AMELIYAT-OLUYOR-300x295.jpg 300w, https:\/\/egeajans.ege.edu.tr\/wp-content\/uploads\/2023\/12\/EGE-TOLGA-AMELIYAT-OLUYOR-1024x1008.jpg 1024w, https:\/\/egeajans.ege.edu.tr\/wp-content\/uploads\/2023\/12\/EGE-TOLGA-AMELIYAT-OLUYOR-768x756.jpg 768w, https:\/\/egeajans.ege.edu.tr\/wp-content\/uploads\/2023\/12\/EGE-TOLGA-AMELIYAT-OLUYOR-1536x1511.jpg 1536w, https:\/\/egeajans.ege.edu.tr\/wp-content\/uploads\/2023\/12\/EGE-TOLGA-AMELIYAT-OLUYOR-2048x2015.jpg 2048w\" sizes=\"auto, (max-width: 300px) 100vw, 300px\" \/>Projenin detaylar\u0131 hakk\u0131nda bilgi veren Uzman Dr. Zeynep \u00c7a\u011f\u0131ran, \u201c\u00c7ocuklar k\u0131r\u0131k, deformite, kesi, do\u011fumsal anomaliler veya acil problemler nedeniyle s\u0131kl\u0131kla operasyona al\u0131nmaktad\u0131r. Bu \u00e7ocuk hastalar\u0131n aileleri veya \u00e7evreleri ge\u00e7irecekleri operasyon konusunda \u00e7ocuklar\u0131 yanl\u0131\u015f veya eksik bilgilendirmekte, bu da \u00e7ocuklarda ileride hastane fobisine kadar varan kayg\u0131 bozuklu\u011fu meydana getirmektedir. Ameliyat \u00f6ncesi meydana gelen bu durum \u00e7ocu\u011fun a\u011fr\u0131 alg\u0131s\u0131n\u0131 de\u011fi\u015ftirmekte a\u011fr\u0131 e\u015fi\u011fini d\u00fc\u015f\u00fcrmekte, operasyon sonras\u0131 iyile\u015fme s\u00fcrecini olumsuz etkilemektedir. Bu ama\u00e7la \u00e7ocuklarda do\u011fru bilgilendirmeyi sa\u011flamak, operasyon \u00f6ncesi stres ve kayg\u0131y\u0131 azaltmak amac\u0131yla \u00e7ocuk ya\u015f grubuna y\u00f6nelik bir \u00e7izgi film yap\u0131lmas\u0131n\u0131 ve bilgilendirme kitap\u00e7\u0131\u011f\u0131 bas\u0131lmas\u0131n\u0131 planlad\u0131k. Cumhuriyetimizin 100. Y\u0131l\u0131nda Mill\u00ee Savunma Bakanl\u0131\u011f\u0131 ve Solo T\u00fcrk ekibi g\u00f6r\u00fc\u015fmelerimiz sonucunda \u00f6zel izinleri de alarak kitap\u00e7\u0131\u011f\u0131m\u0131z ve animasyonumuzda Solo T\u00fcrk u\u00e7ak ve kahraman pilotlar\u0131m\u0131z\u0131 fig\u00fcr olarak kulland\u0131k\u201d dedi.<\/p>\n<p style=\"text-align: justify;\">Projede ekibinde E\u00dc T\u0131p Fak\u00fcltesi Ortopedi ve Travmatoloji Anabilim Dal\u0131 \u00f6\u011fretim \u00fcyeleri Prof. Dr. Kemal Aktu\u011flu ve Do\u00e7. Dr. H\u00fcseyin G\u00fcnay, E\u00dc T\u0131p Fak\u00fcltesi Anesteziyoloji ve Reanimasyon Anabilim Dal\u0131 \u00f6\u011fretim \u00fcyeleri Prof. Dr. Semra Karaman ve Do\u00e7. Dr. Nezih Sert\u00f6z, Psikolog G\u00f6k\u00fcl Karluk Er yer al\u0131yor. Proje \u00e7\u0131kt\u0131s\u0131 olarak olu\u015fturulan kitab\u0131n hik\u00e2ye yazarl\u0131\u011f\u0131n\u0131 Zeynep Pestilci \u00c7a\u011f\u0131ran ve Sefa \u015eerbet yap\u0131yor. Sosyal Sorumluluk projesi, \u00a0Anestezi ve Reanimasyon ile Ortopedi Anabilim dallar\u0131n\u0131n i\u015fbirli\u011finde yap\u0131ld\u0131.<\/p>\n","protected":false},"excerpt":{"rendered":"<p>Ege \u00dcniversitesi T\u0131p Fak\u00fcltesi Anesteziyoloji ve Reanimasyon Anabilim Dal\u0131 ile Ortopedi Anabilim Dal\u0131 i\u015f birli\u011finde \u00e7ocuklar\u0131n ameliyat \u00f6ncesi olu\u015fan korkular\u0131na gidermeye y\u00f6nelik sosyal sorumluk projesi hayata ge\u00e7irildi. Anesteziyoloji ve Reanimasyon&hellip;<\/p>\n","protected":false},"author":2,"featured_media":18740,"comment_status":"open","ping_status":"open","sticky":false,"template":"","format":"standard","meta":{"footnotes":""},"categories":[99,1],"tags":[],"class_list":["post-18739","post","type-post","status-publish","format-standard","has-post-thumbnail","hentry","category-egitim","category-gncl"],"_links":{"self":[{"href":"https:\/\/egeajans.ege.edu.tr\/index.php\/wp-json\/wp\/v2\/posts\/18739","targetHints":{"allow":["GET"]}}],"collection":[{"href":"https:\/\/egeajans.ege.edu.tr\/index.php\/wp-json\/wp\/v2\/posts"}],"about":[{"href":"https:\/\/egeajans.ege.edu.tr\/index.php\/wp-json\/wp\/v2\/types\/post"}],"author":[{"embeddable":true,"href":"https:\/\/egeajans.ege.edu.tr\/index.php\/wp-json\/wp\/v2\/users\/2"}],"replies":[{"embeddable":true,"href":"https:\/\/egeajans.ege.edu.tr\/index.php\/wp-json\/wp\/v2\/comments?post=18739"}],"version-history":[{"count":1,"href":"https:\/\/egeajans.ege.edu.tr\/index.php\/wp-json\/wp\/v2\/posts\/18739\/revisions"}],"predecessor-version":[{"id":18743,"href":"https:\/\/egeajans.ege.edu.tr\/index.php\/wp-json\/wp\/v2\/posts\/18739\/revisions\/18743"}],"wp:featuredmedia":[{"embeddable":true,"href":"https:\/\/egeajans.ege.edu.tr\/index.php\/wp-json\/wp\/v2\/media\/18740"}],"wp:attachment":[{"href":"https:\/\/egeajans.ege.edu.tr\/index.php\/wp-json\/wp\/v2\/media?parent=18739"}],"wp:term":[{"taxonomy":"category","embeddable":true,"href":"https:\/\/egeajans.ege.edu.tr\/index.php\/wp-json\/wp\/v2\/categories?post=18739"},{"taxonomy":"post_tag","embeddable":true,"href":"https:\/\/egeajans.ege.edu.tr\/index.php\/wp-json\/wp\/v2\/tags?post=18739"}],"curies":[{"name":"wp","href":"https:\/\/api.w.org\/{rel}","templated":true}]}}